{"id":966,"date":"2012-04-10T00:37:35","date_gmt":"2012-04-09T22:37:35","guid":{"rendered":"http:\/\/torrequebradilla.com\/blog\/?p=966"},"modified":"2022-05-07T22:58:01","modified_gmt":"2022-05-07T20:58:01","slug":"semana-santa-2012-musica-y-saetas-en-iglesia","status":"publish","type":"post","link":"https:\/\/torrequebradilla.com\/blog\/?p=966","title":{"rendered":"Semana Santa 2012 (m\u00fasica y saetas en Iglesia)"},"content":{"rendered":"<div id=\"fb-root\"><\/div>\n\n<p class=\"wp-block-paragraph\">En la noche del Jueves Santo, la lluvia no permiti\u00f3 que saliera la procesi\u00f3n, as\u00ed que las Bandas de Cornetas y Tambores de Torrequebradilla y Villargordo tocaron dentro de la Iglesia. Tambi\u00e9n aparece <strong>Juan M\u00e1rmol Galera<\/strong> cantando dos saetas.<\/p>\n\n\n\n<figure class=\"wp-block-embed is-type-rich is-provider-gestor-del-servicio wp-block-embed-gestor-del-servicio wp-embed-aspect-16-9 wp-has-aspect-ratio\"><div class=\"wp-block-embed__wrapper\">\n<iframe loading=\"lazy\" title=\"2012 - Semana Santa - Iglesia\" width=\"640\" height=\"360\" src=\"https:\/\/www.youtube.com\/embed\/En2GteHR4sU?feature=oembed\" frameborder=\"0\" allow=\"accelerometer; autoplay; clipboard-write; encrypted-media; gyroscope; picture-in-picture; web-share\" referrerpolicy=\"strict-origin-when-cross-origin\" allowfullscreen><\/iframe>\n<\/div><\/figure>\n","protected":false},"excerpt":{"rendered":"<p>En la noche del Jueves Santo, la lluvia no permiti\u00f3 que saliera la procesi\u00f3n, as\u00ed que las Bandas de Cornetas y Tambores de Torrequebradilla y Villargordo tocaron dentro de la Iglesia. Tambi\u00e9n aparece Juan M\u00e1rmol Galera cantando dos saetas.<\/p>\n","protected":false},"author":1,"featured_media":13056,"comment_status":"open","ping_status":"closed","sticky":false,"template":"","format":"standard","meta":{"_crdt_document":"","ngg_post_thumbnail":0,"footnotes":""},"categories":[3],"tags":[76,79,4],"class_list":["post-966","post","type-post","status-publish","format-standard","has-post-thumbnail","hentry","category-videos","tag-76","tag-saeta","tag-semana-santa"],"_links":{"self":[{"href":"https:\/\/torrequebradilla.com\/blog\/index.php?rest_route=\/wp\/v2\/posts\/966","targetHints":{"allow":["GET"]}}],"collection":[{"href":"https:\/\/torrequebradilla.com\/blog\/index.php?rest_route=\/wp\/v2\/posts"}],"about":[{"href":"https:\/\/torrequebradilla.com\/blog\/index.php?rest_route=\/wp\/v2\/types\/post"}],"author":[{"embeddable":true,"href":"https:\/\/torrequebradilla.com\/blog\/index.php?rest_route=\/wp\/v2\/users\/1"}],"replies":[{"embeddable":true,"href":"https:\/\/torrequebradilla.com\/blog\/index.php?rest_route=%2Fwp%2Fv2%2Fcomments&post=966"}],"version-history":[{"count":1,"href":"https:\/\/torrequebradilla.com\/blog\/index.php?rest_route=\/wp\/v2\/posts\/966\/revisions"}],"predecessor-version":[{"id":14170,"href":"https:\/\/torrequebradilla.com\/blog\/index.php?rest_route=\/wp\/v2\/posts\/966\/revisions\/14170"}],"wp:featuredmedia":[{"embeddable":true,"href":"https:\/\/torrequebradilla.com\/blog\/index.php?rest_route=\/wp\/v2\/media\/13056"}],"wp:attachment":[{"href":"https:\/\/torrequebradilla.com\/blog\/index.php?rest_route=%2Fwp%2Fv2%2Fmedia&parent=966"}],"wp:term":[{"taxonomy":"category","embeddable":true,"href":"https:\/\/torrequebradilla.com\/blog\/index.php?rest_route=%2Fwp%2Fv2%2Fcategories&post=966"},{"taxonomy":"post_tag","embeddable":true,"href":"https:\/\/torrequebradilla.com\/blog\/index.php?rest_route=%2Fwp%2Fv2%2Ftags&post=966"}],"curies":[{"name":"wp","href":"https:\/\/api.w.org\/{rel}","templated":true}]}}