{"id":9216,"date":"2018-04-08T22:42:43","date_gmt":"2018-04-08T20:42:43","guid":{"rendered":"http:\/\/torrequebradilla.com\/blog\/?p=9216"},"modified":"2018-04-11T20:21:50","modified_gmt":"2018-04-11T18:21:50","slug":"san-marcos-2018-exposicion-concurso-portada","status":"publish","type":"post","link":"https:\/\/torrequebradilla.com\/blog\/?p=9216","title":{"rendered":"San Marcos 2018: exposici\u00f3n concurso portada"},"content":{"rendered":"<div id=\"fb-root\"><\/div>\n<p>Exposici\u00f3n del concurso para la portada del libro de fiestas de San Marcos 2018. (08.04.2018)<\/p>\n<p><a href=\"http:\/\/asociacion.torrequebradilla.com\/wp\/concurso-portada-18\/\">M\u00e1s informaci\u00f3n del concurso<\/a>: listado de premios, bases, auditor\u00eda, etc.<\/p>\nngg_shortcode_0_placeholder\n","protected":false},"excerpt":{"rendered":"<p>Exposici\u00f3n del concurso para la portada del libro de fiestas de San Marcos 2018. (08.04.2018) M\u00e1s informaci\u00f3n del concurso: listado de premios, bases, auditor\u00eda, etc.<\/p>\n","protected":false},"author":1,"featured_media":9220,"comment_status":"closed","ping_status":"closed","sticky":false,"template":"","format":"standard","meta":{"_crdt_document":"","ngg_post_thumbnail":0,"footnotes":""},"categories":[6],"tags":[212,127,216,14],"class_list":["post-9216","post","type-post","status-publish","format-standard","has-post-thumbnail","hentry","category-fotografias","tag-212","tag-libro","tag-portada","tag-san-marcos"],"_links":{"self":[{"href":"https:\/\/torrequebradilla.com\/blog\/index.php?rest_route=\/wp\/v2\/posts\/9216","targetHints":{"allow":["GET"]}}],"collection":[{"href":"https:\/\/torrequebradilla.com\/blog\/index.php?rest_route=\/wp\/v2\/posts"}],"about":[{"href":"https:\/\/torrequebradilla.com\/blog\/index.php?rest_route=\/wp\/v2\/types\/post"}],"author":[{"embeddable":true,"href":"https:\/\/torrequebradilla.com\/blog\/index.php?rest_route=\/wp\/v2\/users\/1"}],"replies":[{"embeddable":true,"href":"https:\/\/torrequebradilla.com\/blog\/index.php?rest_route=%2Fwp%2Fv2%2Fcomments&post=9216"}],"version-history":[{"count":3,"href":"https:\/\/torrequebradilla.com\/blog\/index.php?rest_route=\/wp\/v2\/posts\/9216\/revisions"}],"predecessor-version":[{"id":9223,"href":"https:\/\/torrequebradilla.com\/blog\/index.php?rest_route=\/wp\/v2\/posts\/9216\/revisions\/9223"}],"wp:featuredmedia":[{"embeddable":true,"href":"https:\/\/torrequebradilla.com\/blog\/index.php?rest_route=\/wp\/v2\/media\/9220"}],"wp:attachment":[{"href":"https:\/\/torrequebradilla.com\/blog\/index.php?rest_route=%2Fwp%2Fv2%2Fmedia&parent=9216"}],"wp:term":[{"taxonomy":"category","embeddable":true,"href":"https:\/\/torrequebradilla.com\/blog\/index.php?rest_route=%2Fwp%2Fv2%2Fcategories&post=9216"},{"taxonomy":"post_tag","embeddable":true,"href":"https:\/\/torrequebradilla.com\/blog\/index.php?rest_route=%2Fwp%2Fv2%2Ftags&post=9216"}],"curies":[{"name":"wp","href":"https:\/\/api.w.org\/{rel}","templated":true}]}}