{"id":8661,"date":"2017-06-08T10:00:41","date_gmt":"2017-06-08T08:00:41","guid":{"rendered":"http:\/\/torrequebradilla.com\/blog\/?p=8661"},"modified":"2018-09-21T22:57:02","modified_gmt":"2018-09-21T20:57:02","slug":"documento-historico-revista-el-ruedo-1971","status":"publish","type":"post","link":"https:\/\/torrequebradilla.com\/blog\/?p=8661","title":{"rendered":"Documento hist\u00f3rico: Revista El Ruedo (1971)"},"content":{"rendered":"<div id=\"fb-root\"><\/div>\n<p>Divertido relato de un ingl\u00e9s que se estren\u00f3 como torero en Torrequebradilla. De la revista El Ruedo del 21 de diciembre de 1971.<\/p>\n<p><em>[&#8230;] Tres a\u00f1os despu\u00e9s de suceder todo lo que queda narrado, el nombre de Flamenquito se anunci\u00f3 por primera vez en un festejo de Torrequebradilla. El personal jaranero de la plaza p\u00fablica tom\u00f3 de buen humor el aire quebradizo del ingl\u00e9s, que llevaba un terno verde uva y plata, muy destrozado y recompuesto, y que se hacia ayudar por una inglesa a modo de mozo de espadas; una inglesa como fam\u00e9lica, de nariz ganchuda y lentes de un buen dedo de grosor, y a quien, a pesar de su aspecto, los mozos de Torrequebradilla le dec\u00edan unas burradas tremendas. \u00abEs un t\u00edo con mucho sentido \u2014informaba el Mat\u00edas, que era quien hab\u00eda llevado al ingl\u00e9s desde Madrid, as\u00ed como una novedad para las fiestas\u2014. Sabe ganar su pasta y no las pasa canutas, como la mayor\u00eda.\u00bb \u00abYa se ve que es ingl\u00e9s\u00bb, coment\u00f3 uno del Ayuntamiento. [&#8230;]<\/em><\/p>\n\n\n<p>Fuente: <a href=\"http:\/\/bibliotecadigital.jcyl.es\">Biblioteca Digital de Castilla y Le\u00f3n<\/a><\/p>\n<p><a href=\"http:\/\/bibliotecadigital.jcyl.es\/es\/consulta\/registro.cmd?id=10000052014\">http:\/\/bibliotecadigital.jcyl.es\/es\/consulta\/registro.cmd?id=10000052014<\/a><\/p>\n<p>Trabajo de b\u00fasqueda y recopilaci\u00f3n de datos por&nbsp;<strong>Francisco Berrio Ju\u00e1rez <\/strong>para <a href=\"https:\/\/www.torrequebradilla.com\/\">torrequebradilla.com<\/a> (08.06.2017)<\/p>\n","protected":false},"excerpt":{"rendered":"<p>Divertido relato de un ingl\u00e9s que se estren\u00f3 como torero en Torrequebradilla. De la revista El Ruedo del 21 de diciembre de 1971. [&#8230;] Tres a\u00f1os despu\u00e9s de suceder todo lo que queda narrado, el nombre de Flamenquito se anunci\u00f3 por primera vez en un festejo de Torrequebradilla. El personal jaranero de la plaza p\u00fablica [&hellip;]<\/p>\n","protected":false},"author":1,"featured_media":8667,"comment_status":"closed","ping_status":"closed","sticky":false,"template":"","format":"standard","meta":{"_crdt_document":"","ngg_post_thumbnail":0,"footnotes":""},"categories":[1,10],"tags":[198,146,199,200],"class_list":["post-8661","post","type-post","status-publish","format-standard","has-post-thumbnail","hentry","category-historia","category-publicaciones","tag-198","tag-146","tag-el-ruedo","tag-torero-ingles"],"_links":{"self":[{"href":"https:\/\/torrequebradilla.com\/blog\/index.php?rest_route=\/wp\/v2\/posts\/8661","targetHints":{"allow":["GET"]}}],"collection":[{"href":"https:\/\/torrequebradilla.com\/blog\/index.php?rest_route=\/wp\/v2\/posts"}],"about":[{"href":"https:\/\/torrequebradilla.com\/blog\/index.php?rest_route=\/wp\/v2\/types\/post"}],"author":[{"embeddable":true,"href":"https:\/\/torrequebradilla.com\/blog\/index.php?rest_route=\/wp\/v2\/users\/1"}],"replies":[{"embeddable":true,"href":"https:\/\/torrequebradilla.com\/blog\/index.php?rest_route=%2Fwp%2Fv2%2Fcomments&post=8661"}],"version-history":[{"count":2,"href":"https:\/\/torrequebradilla.com\/blog\/index.php?rest_route=\/wp\/v2\/posts\/8661\/revisions"}],"predecessor-version":[{"id":11407,"href":"https:\/\/torrequebradilla.com\/blog\/index.php?rest_route=\/wp\/v2\/posts\/8661\/revisions\/11407"}],"wp:featuredmedia":[{"embeddable":true,"href":"https:\/\/torrequebradilla.com\/blog\/index.php?rest_route=\/wp\/v2\/media\/8667"}],"wp:attachment":[{"href":"https:\/\/torrequebradilla.com\/blog\/index.php?rest_route=%2Fwp%2Fv2%2Fmedia&parent=8661"}],"wp:term":[{"taxonomy":"category","embeddable":true,"href":"https:\/\/torrequebradilla.com\/blog\/index.php?rest_route=%2Fwp%2Fv2%2Fcategories&post=8661"},{"taxonomy":"post_tag","embeddable":true,"href":"https:\/\/torrequebradilla.com\/blog\/index.php?rest_route=%2Fwp%2Fv2%2Ftags&post=8661"}],"curies":[{"name":"wp","href":"https:\/\/api.w.org\/{rel}","templated":true}]}}