{"id":8635,"date":"2017-06-07T10:00:35","date_gmt":"2017-06-07T08:00:35","guid":{"rendered":"http:\/\/torrequebradilla.com\/blog\/?p=8635"},"modified":"2022-09-05T23:18:42","modified_gmt":"2022-09-05T21:18:42","slug":"documento-historico-fotografia-de-la-iglesia-1985","status":"publish","type":"post","link":"https:\/\/torrequebradilla.com\/blog\/?p=8635","title":{"rendered":"Documento hist\u00f3rico: Fotograf\u00eda de la Iglesia (1985)"},"content":{"rendered":"<div id=\"fb-root\"><\/div>\n\n<p class=\"wp-block-paragraph\">Fotograf\u00eda de\u00a0la la Iglesia de San Francisco de Paula\u00a0en Torrequebradilla de 1985, catalogada en el archivo del Instituto de Estudios Gienenses.<\/p>\n\n\n\n\n\n<div class=\"wp-block-file\"><a id=\"wp-block-file--media-457dea44-4c90-4963-a613-0901287199f4\" href=\"https:\/\/torrequebradilla.com\/blog\/wp-content\/uploads\/1985-iglesia.torrequebradilla.pdf\">1985-iglesia.torrequebradilla<\/a><a href=\"https:\/\/torrequebradilla.com\/blog\/wp-content\/uploads\/1985-iglesia.torrequebradilla.pdf\" class=\"wp-block-file__button wp-element-button\" download aria-describedby=\"wp-block-file--media-457dea44-4c90-4963-a613-0901287199f4\">Descarga<\/a><\/div>\n\n\n\n\n\n<div class=\"wp-block-file\"><a id=\"wp-block-file--media-83d50ea3-273d-4809-bbab-b129642d545a\" href=\"https:\/\/torrequebradilla.com\/blog\/wp-content\/uploads\/1985-iglesia.torrequebradilla-ficha.pdf\">1985-iglesia.torrequebradilla-ficha<\/a><a href=\"https:\/\/torrequebradilla.com\/blog\/wp-content\/uploads\/1985-iglesia.torrequebradilla-ficha.pdf\" class=\"wp-block-file__button wp-element-button\" download aria-describedby=\"wp-block-file--media-83d50ea3-273d-4809-bbab-b129642d545a\">Descarga<\/a><\/div>\n\n\n\n<p class=\"wp-block-paragraph\">Fuente: <a href=\"http:\/\/absys.dipujaen.es\/opac\">Instituto de Estudios Gienenses<\/a><\/p>\n\n\n\n<p class=\"wp-block-paragraph\"><a href=\"http:\/\/absys.dipujaen.es\/opac\/abnetcl.exe\/O7013\/ID71a32bbb\/NT2\">http:\/\/absys.dipujaen.es\/opac\/abnetcl.exe\/O7013\/ID71a32bbb\/NT2<\/a><\/p>\n\n\n\n<p class=\"wp-block-paragraph\">Trabajo de b\u00fasqueda y recopilaci\u00f3n de datos por&nbsp;<strong>Francisco Berrio Ju\u00e1rez <\/strong>para <a href=\"http:\/\/www.torrequebradilla.com\/\">torrequebradilla.com<\/a> (04.06.2017)<\/p>\n","protected":false},"excerpt":{"rendered":"<p>Fotograf\u00eda de\u00a0la la Iglesia de San Francisco de Paula\u00a0en Torrequebradilla de 1985, catalogada en el archivo del Instituto de Estudios Gienenses. Fuente: Instituto de Estudios Gienenses http:\/\/absys.dipujaen.es\/opac\/abnetcl.exe\/O7013\/ID71a32bbb\/NT2 Trabajo de b\u00fasqueda y recopilaci\u00f3n de datos por&nbsp;Francisco Berrio Ju\u00e1rez para torrequebradilla.com (04.06.2017)<\/p>\n","protected":false},"author":1,"featured_media":8641,"comment_status":"closed","ping_status":"closed","sticky":false,"template":"","format":"standard","meta":{"_crdt_document":"","ngg_post_thumbnail":0,"footnotes":""},"categories":[6,1],"tags":[197,146,169,129,196],"class_list":["post-8635","post","type-post","status-publish","format-standard","has-post-thumbnail","hentry","category-fotografias","category-historia","tag-197","tag-146","tag-diputacion-jaen","tag-iglesia","tag-instituto-estudios-gienenses"],"_links":{"self":[{"href":"https:\/\/torrequebradilla.com\/blog\/index.php?rest_route=\/wp\/v2\/posts\/8635","targetHints":{"allow":["GET"]}}],"collection":[{"href":"https:\/\/torrequebradilla.com\/blog\/index.php?rest_route=\/wp\/v2\/posts"}],"about":[{"href":"https:\/\/torrequebradilla.com\/blog\/index.php?rest_route=\/wp\/v2\/types\/post"}],"author":[{"embeddable":true,"href":"https:\/\/torrequebradilla.com\/blog\/index.php?rest_route=\/wp\/v2\/users\/1"}],"replies":[{"embeddable":true,"href":"https:\/\/torrequebradilla.com\/blog\/index.php?rest_route=%2Fwp%2Fv2%2Fcomments&post=8635"}],"version-history":[{"count":3,"href":"https:\/\/torrequebradilla.com\/blog\/index.php?rest_route=\/wp\/v2\/posts\/8635\/revisions"}],"predecessor-version":[{"id":14551,"href":"https:\/\/torrequebradilla.com\/blog\/index.php?rest_route=\/wp\/v2\/posts\/8635\/revisions\/14551"}],"wp:featuredmedia":[{"embeddable":true,"href":"https:\/\/torrequebradilla.com\/blog\/index.php?rest_route=\/wp\/v2\/media\/8641"}],"wp:attachment":[{"href":"https:\/\/torrequebradilla.com\/blog\/index.php?rest_route=%2Fwp%2Fv2%2Fmedia&parent=8635"}],"wp:term":[{"taxonomy":"category","embeddable":true,"href":"https:\/\/torrequebradilla.com\/blog\/index.php?rest_route=%2Fwp%2Fv2%2Fcategories&post=8635"},{"taxonomy":"post_tag","embeddable":true,"href":"https:\/\/torrequebradilla.com\/blog\/index.php?rest_route=%2Fwp%2Fv2%2Ftags&post=8635"}],"curies":[{"name":"wp","href":"https:\/\/api.w.org\/{rel}","templated":true}]}}