{"id":8492,"date":"2017-05-23T10:00:01","date_gmt":"2017-05-23T08:00:01","guid":{"rendered":"http:\/\/torrequebradilla.com\/blog\/?p=8492"},"modified":"2021-04-02T12:45:03","modified_gmt":"2021-04-02T10:45:03","slug":"documento-historico-diario-el-goblo-1922","status":"publish","type":"post","link":"https:\/\/torrequebradilla.com\/blog\/?p=8492","title":{"rendered":"Documento hist\u00f3rico: Diario El Globo (1922)"},"content":{"rendered":"<div id=\"fb-root\"><\/div>\n<p>Art\u00edculo en el Diario de Madrid, El Globo (04.10.1922)<\/p>\n<h3>En Ja\u00e9n se hace campa\u00f1a activa contra la langosta.<\/h3>\n<p>Ja\u00e9n 3.- En el local del Consejo provincial de Fomento se ha celebrado la Asamblea provincial contra la langosta, organizada a propuesta de la Junta Local&nbsp;de Jabalquinto. &nbsp;Preside el comisario regio, Sr. Nogueras Fr\u00edas. Con los presidentes de Linares y Jabalquinto se\u00f1ores Garz\u00f3n y Cabrera. Actu\u00f3 de secretario el Sr. Guti\u00e9rrez Fern\u00e1ndez. Han enviado delegados las Juntas Locales de Ja\u00e9n, Bailen, Villagordo, Espeluy, <strong>Torrequebradilla<\/strong>, Pegalajar, Beg\u00edjar, Guarroman, Menglbar, Vilches,&nbsp;Peal de Becerro, Garc\u00edez, Torreblascopedro, Villanueva de la Reina, Canena, Baeza, Mancha Real, Santa Elena, Navas de San Juan, Campillo de Arenas, J\u00f3dar y Jimena. A la de Ba\u00f1os de la&nbsp;Encina, Cabras de Santo Cristo, La Carolina y Carboneros las representa el delegado de Jabalquinto, y a la de Pozo Alc\u00f3n el diputado provincial Sr. Mooge Avellaneda. Han enviado su adhesi\u00f3n los se\u00f1ores Prado Palacio, Alcal\u00e1 Zamora, Fern\u00e1ndez Ramos y Yanguas. Han ofrecido su concurso el&nbsp;vicepresidente de la Diputaci\u00f3n, se\u00f1or M\u00e1rquez, y el de la Comisi\u00f3n provincial, Sr. Vadillos, que tambi\u00e9n asisten, y el diputado provincial Sr. Casta\u00f1o. A propuesta del Sr. M\u00e1rquez, se acuerda que se pida a los propietarios medios extraordinarios y fondos suficientes hasta que se pueda cobrar el impuesto de la langosta, y que se nombre una Comisi\u00f3n que, a modo de la de Zaragoza, consiga los recursos extraordinarios que le ha facilitado el Estado a \u00e9sta. El Sr. M\u00e9ndez propone, y se acepta, que los presupuestos locales est\u00e9n en el Consejo provincial de Fomento antes del d\u00eda 15 de octubre para no perder tiempo. El iniciador de la Asamblea, Sr. Guti\u00e9rrez Lozano, pide que se interese de la Direcci\u00f3n general de Agricultura vea el medio de conceder el importe de la campa\u00f1a de cxtinci\u00f3n de la plaga&nbsp;del olivo para combatir a la langosta, ya que esta&nbsp;plaga hace ahora mucho m\u00e1s da\u00f1o y es m\u00e1s urgente el remedio. Se aprueba por unanimidad. Se acuerda tambi\u00e9n que la Comisi\u00f3n, compuesta por Ja\u00e9n, Linares y Jabalquinto, sea integrada, en momento oportuno, por diputados a Cortes, senadores, diputados provinciales y cuantos elementos quieran prestar su cooperaci\u00f3n para recabar medios de defensa del Gobierno, la Diputaci\u00f3n y los Centros agr\u00edcolas.<\/p>\n<p>P\u00e1gina 2, 5\u00aa columna.<\/p>\n\n<p>Fuente: Biblioteca Digital Hisp\u00e1nica &#8211; Biblioteca Nacional de Espa\u00f1a<\/p>\n<p>http:\/\/bdh.bne.es\/bnesearch\/detalle\/0001499421<\/p>\n","protected":false},"excerpt":{"rendered":"<p>Art\u00edculo en el Diario de Madrid, El Globo (04.10.1922) En Ja\u00e9n se hace campa\u00f1a activa contra la langosta. Ja\u00e9n 3.- En el local del Consejo provincial de Fomento se ha celebrado la Asamblea provincial contra la langosta, organizada a propuesta de la Junta Local&nbsp;de Jabalquinto. &nbsp;Preside el comisario regio, Sr. Nogueras Fr\u00edas. Con los presidentes [&hellip;]<\/p>\n","protected":false},"author":1,"featured_media":8497,"comment_status":"closed","ping_status":"closed","sticky":false,"template":"","format":"standard","meta":{"_crdt_document":"","ngg_post_thumbnail":0,"footnotes":""},"categories":[1,10],"tags":[179,146,181,180],"class_list":["post-8492","post","type-post","status-publish","format-standard","has-post-thumbnail","hentry","category-historia","category-publicaciones","tag-179","tag-146","tag-biblioteca-nacional","tag-diario-el-globo"],"_links":{"self":[{"href":"https:\/\/torrequebradilla.com\/blog\/index.php?rest_route=\/wp\/v2\/posts\/8492","targetHints":{"allow":["GET"]}}],"collection":[{"href":"https:\/\/torrequebradilla.com\/blog\/index.php?rest_route=\/wp\/v2\/posts"}],"about":[{"href":"https:\/\/torrequebradilla.com\/blog\/index.php?rest_route=\/wp\/v2\/types\/post"}],"author":[{"embeddable":true,"href":"https:\/\/torrequebradilla.com\/blog\/index.php?rest_route=\/wp\/v2\/users\/1"}],"replies":[{"embeddable":true,"href":"https:\/\/torrequebradilla.com\/blog\/index.php?rest_route=%2Fwp%2Fv2%2Fcomments&post=8492"}],"version-history":[{"count":7,"href":"https:\/\/torrequebradilla.com\/blog\/index.php?rest_route=\/wp\/v2\/posts\/8492\/revisions"}],"predecessor-version":[{"id":12960,"href":"https:\/\/torrequebradilla.com\/blog\/index.php?rest_route=\/wp\/v2\/posts\/8492\/revisions\/12960"}],"wp:featuredmedia":[{"embeddable":true,"href":"https:\/\/torrequebradilla.com\/blog\/index.php?rest_route=\/wp\/v2\/media\/8497"}],"wp:attachment":[{"href":"https:\/\/torrequebradilla.com\/blog\/index.php?rest_route=%2Fwp%2Fv2%2Fmedia&parent=8492"}],"wp:term":[{"taxonomy":"category","embeddable":true,"href":"https:\/\/torrequebradilla.com\/blog\/index.php?rest_route=%2Fwp%2Fv2%2Fcategories&post=8492"},{"taxonomy":"post_tag","embeddable":true,"href":"https:\/\/torrequebradilla.com\/blog\/index.php?rest_route=%2Fwp%2Fv2%2Ftags&post=8492"}],"curies":[{"name":"wp","href":"https:\/\/api.w.org\/{rel}","templated":true}]}}