{"id":836,"date":"2011-08-02T20:31:48","date_gmt":"2011-08-02T18:31:48","guid":{"rendered":"http:\/\/torrequebradilla.com\/blog\/?p=836"},"modified":"2017-05-14T23:20:00","modified_gmt":"2017-05-14T21:20:00","slug":"bando-del-ayuntamiento-02-08-2011","status":"publish","type":"post","link":"https:\/\/torrequebradilla.com\/blog\/?p=836","title":{"rendered":"Bando del Ayuntamiento (02.08.2011)"},"content":{"rendered":"<div id=\"fb-root\"><\/div>\n<p>En el \u00faltimo bando del Ayuntamiento, se notifica que desde ahora, los vecinos de Torrequebradilla y Vados de Torralba podr\u00e1n solicitar cualquier documento del Ayuntamiento sin tener que desplazarse. Aqu\u00ed ten\u00e9is los d\u00edas y horario de atenci\u00f3n:<\/p>\n<p style=\"text-align: center;\"><a href=\"http:\/\/torrequebradilla.com\/blog\/wp-content\/gallery\/bandos\/2011-08-02-bando.jpg\"><img loading=\"lazy\" decoding=\"async\" class=\"aligncenter\" title=\"2011.08.02-bando\" src=\"http:\/\/torrequebradilla.com\/blog\/wp-content\/gallery\/bandos\/2011-08-02-bando.jpg\" alt=\"\" width=\"420\" height=\"610\"><\/a><\/p>\n","protected":false},"excerpt":{"rendered":"<p>En el \u00faltimo bando del Ayuntamiento, se notifica que desde ahora, los vecinos de Torrequebradilla y Vados de Torralba podr\u00e1n solicitar cualquier documento del Ayuntamiento sin tener que desplazarse. Aqu\u00ed ten\u00e9is los d\u00edas y horario de atenci\u00f3n:<\/p>\n","protected":false},"author":1,"featured_media":-1,"comment_status":"closed","ping_status":"closed","sticky":false,"template":"","format":"standard","meta":{"_crdt_document":"","ngg_post_thumbnail":0,"footnotes":""},"categories":[10],"tags":[63,70,73],"class_list":["post-836","post","type-post","status-publish","format-standard","has-post-thumbnail","hentry","category-publicaciones","tag-63","tag-ayuntamiento","tag-bando"],"_links":{"self":[{"href":"https:\/\/torrequebradilla.com\/blog\/index.php?rest_route=\/wp\/v2\/posts\/836","targetHints":{"allow":["GET"]}}],"collection":[{"href":"https:\/\/torrequebradilla.com\/blog\/index.php?rest_route=\/wp\/v2\/posts"}],"about":[{"href":"https:\/\/torrequebradilla.com\/blog\/index.php?rest_route=\/wp\/v2\/types\/post"}],"author":[{"embeddable":true,"href":"https:\/\/torrequebradilla.com\/blog\/index.php?rest_route=\/wp\/v2\/users\/1"}],"replies":[{"embeddable":true,"href":"https:\/\/torrequebradilla.com\/blog\/index.php?rest_route=%2Fwp%2Fv2%2Fcomments&post=836"}],"version-history":[{"count":1,"href":"https:\/\/torrequebradilla.com\/blog\/index.php?rest_route=\/wp\/v2\/posts\/836\/revisions"}],"predecessor-version":[{"id":8456,"href":"https:\/\/torrequebradilla.com\/blog\/index.php?rest_route=\/wp\/v2\/posts\/836\/revisions\/8456"}],"wp:featuredmedia":[{"embeddable":true,"href":"https:\/\/torrequebradilla.com\/blog\/index.php?rest_route=\/"}],"wp:attachment":[{"href":"https:\/\/torrequebradilla.com\/blog\/index.php?rest_route=%2Fwp%2Fv2%2Fmedia&parent=836"}],"wp:term":[{"taxonomy":"category","embeddable":true,"href":"https:\/\/torrequebradilla.com\/blog\/index.php?rest_route=%2Fwp%2Fv2%2Fcategories&post=836"},{"taxonomy":"post_tag","embeddable":true,"href":"https:\/\/torrequebradilla.com\/blog\/index.php?rest_route=%2Fwp%2Fv2%2Ftags&post=836"}],"curies":[{"name":"wp","href":"https:\/\/api.w.org\/{rel}","templated":true}]}}