{"id":8278,"date":"2017-05-15T21:25:43","date_gmt":"2017-05-15T19:25:43","guid":{"rendered":"http:\/\/torrequebradilla.com\/blog\/?p=8278"},"modified":"2018-09-21T23:06:59","modified_gmt":"2018-09-21T21:06:59","slug":"documento-historico-la-ciudad-de-jaen-1246-1525","status":"publish","type":"post","link":"https:\/\/torrequebradilla.com\/blog\/?p=8278","title":{"rendered":"Documento hist\u00f3rico: la ciudad de Ja\u00e9n (1246-1525)"},"content":{"rendered":"<div id=\"fb-root\"><\/div>\n<h2>La ciudad de Ja\u00e9n (1246-1525). Avatares pol\u00edticos e institucionales de una ciudad fronteriza<\/h2>\n<h3>Autor: <a href=\"https:\/\/www.ucm.es\/emui\/pedro-porras-arboledas\">Pedro A. Porras Arboledas<\/a><\/h3>\n<p>En este documento podemos encontrar valiosas referencias a Torrequebradilla.<\/p>\n<p>En la p\u00e1gina 199, encontramos este p\u00e1rrafo:<\/p>\n<p>[&#8230;] <em>A comienzos del siglo XVI el n\u00famero total de aldeas ser\u00e1 casi el mismo del principio, si bien ello ser\u00e1 debido a la repoblaci\u00f3n emprendida en aquellos momentos .<\/em><br \/>\n<em>En efecto, cinco ser\u00edan las aldeas preexistentes (Cazalilla, Meng\u00edbar, La Guardia, Torredelcampo y Fuentelrey) ; tres n\u00facleos defensivos medievales repoblados a comienzos del siglos XVI (Pegalajar, Cambil-Alhabar y Campillo de Arenas); otros cinco lugares repoblados en estos momentos (Villargordo, <strong>Torrequebradilla<\/strong>, C\u00e1rcheles &#8211; C\u00e1rchel y Carchelejo -, Noalejo y Fuentelrey); y cuatro aldeas repobladas conjuntamente ahora (Mancha Real, Campillo de Arenas, Valdepe\u00f1as de Ja\u00e9n y los Villares de Eliche)<\/em>. [&#8230;]&nbsp;<\/p>\n<p>[&#8230;] <em><strong>Torrequebradilla<\/strong>, hoy englobada dentro del municipio de Villatorres junto a Villargordo, era una dehesa que en la segunda mitad del siglo XV repoblar\u00edan sus se\u00f1ores, los Mendoza gienenses, uno de los dos linajes principales de la ciudad<\/em>. [&#8230;]<\/p>\n<p>En la p\u00e1gina 205, encontramos este p\u00e1rrafo:<\/p>\n<p>[&#8230;] <em>La entrega de los concejos del obispado de Ja\u00e9n al pr\u00edncipe don Enrique en 1444 debe encuadrarse dentro de las pretensiones de Juan Pacheco, privado del pr\u00edncipe, de procurarse un conjunto territorial de donde extraer concesiones de oficios y rentas a don Enrique; dicha concesi\u00f3n se producir\u00eda el 10 de octubre de 1444. Ja\u00e9n, Baeza, \u00dabeda y And\u00fajar pasaron al se\u00f1or\u00edo del pr\u00edncipe de forma inmediata, lo cual no quiere decir que la toma de posesi\u00f3n de las mismas no dejase de plantear problemas. Concretamente, en el caso de Ja\u00e9n don Enrique hubo de celebrar tres concordias previas a la toma de posesi\u00f3n: con Juan de Mendoza, con el pueblo y con el concejo, a los que se hab\u00eda atra\u00eddo con una importante exenci\u00f3n de tributos. El texto del acuerdo con el pueblo no nos ha llegado, aunque su existencia est\u00e1 atestiguada por una cl\u00e1usula de los tratos con el concejo; el alcaide Mendoza, por su parte, present\u00f3 sus peticiones el 10 de noviembre, entre las cuales estuvo su petici\u00f3n de que su heredad de <strong>Torrequebradilla<\/strong>&nbsp;&#8211; donde se hab\u00eda construido un palacio en 1439 &#8211; fuera dehesa separada del t\u00e9rmino de Ja\u00e9n, lo que consigui\u00f3 ocho d\u00edas m\u00e1s tarde, lo que le dio pie para constituirse, tras poblarla, en se\u00f1or de ese lugar<\/em>. [&#8230;]<\/p>\n<p>En la p\u00e1gina 206, encontramos este p\u00e1rrafo:<\/p>\n<p>[&#8230;] <em>concesi\u00f3n de dehesa para su heredad de <strong>Torrequebradilla<\/strong>, que hab\u00eda sido despoblada durante las luchas de a\u00f1os anteriores<\/em>. [&#8230;]<\/p>\n<p>&nbsp;<\/p>\n\n<p>Fuente:<\/p>\n<p><a href=\"https:\/\/studylib.es\/doc\/6129213\/la-ciudad-de-ja%C3%A9n--1246-152\">https:\/\/studylib.es\/doc\/6129213\/la-ciudad-de-ja%C3%A9n&#8211;1246-152<\/a><\/p>\n","protected":false},"excerpt":{"rendered":"<p>La ciudad de Ja\u00e9n (1246-1525). Avatares pol\u00edticos e institucionales de una ciudad fronteriza Autor: Pedro A. Porras Arboledas En este documento podemos encontrar valiosas referencias a Torrequebradilla. En la p\u00e1gina 199, encontramos este p\u00e1rrafo: [&#8230;] A comienzos del siglo XVI el n\u00famero total de aldeas ser\u00e1 casi el mismo del principio, si bien ello ser\u00e1 [&hellip;]<\/p>\n","protected":false},"author":1,"featured_media":8283,"comment_status":"closed","ping_status":"closed","sticky":false,"template":"","format":"standard","meta":{"_crdt_document":"","ngg_post_thumbnail":0,"footnotes":""},"categories":[1,10],"tags":[146,112,166],"class_list":["post-8278","post","type-post","status-publish","format-standard","has-post-thumbnail","hentry","category-historia","category-publicaciones","tag-146","tag-historia","tag-pedro-a-porras-arboledas"],"_links":{"self":[{"href":"https:\/\/torrequebradilla.com\/blog\/index.php?rest_route=\/wp\/v2\/posts\/8278","targetHints":{"allow":["GET"]}}],"collection":[{"href":"https:\/\/torrequebradilla.com\/blog\/index.php?rest_route=\/wp\/v2\/posts"}],"about":[{"href":"https:\/\/torrequebradilla.com\/blog\/index.php?rest_route=\/wp\/v2\/types\/post"}],"author":[{"embeddable":true,"href":"https:\/\/torrequebradilla.com\/blog\/index.php?rest_route=\/wp\/v2\/users\/1"}],"replies":[{"embeddable":true,"href":"https:\/\/torrequebradilla.com\/blog\/index.php?rest_route=%2Fwp%2Fv2%2Fcomments&post=8278"}],"version-history":[{"count":5,"href":"https:\/\/torrequebradilla.com\/blog\/index.php?rest_route=\/wp\/v2\/posts\/8278\/revisions"}],"predecessor-version":[{"id":11418,"href":"https:\/\/torrequebradilla.com\/blog\/index.php?rest_route=\/wp\/v2\/posts\/8278\/revisions\/11418"}],"wp:featuredmedia":[{"embeddable":true,"href":"https:\/\/torrequebradilla.com\/blog\/index.php?rest_route=\/wp\/v2\/media\/8283"}],"wp:attachment":[{"href":"https:\/\/torrequebradilla.com\/blog\/index.php?rest_route=%2Fwp%2Fv2%2Fmedia&parent=8278"}],"wp:term":[{"taxonomy":"category","embeddable":true,"href":"https:\/\/torrequebradilla.com\/blog\/index.php?rest_route=%2Fwp%2Fv2%2Fcategories&post=8278"},{"taxonomy":"post_tag","embeddable":true,"href":"https:\/\/torrequebradilla.com\/blog\/index.php?rest_route=%2Fwp%2Fv2%2Ftags&post=8278"}],"curies":[{"name":"wp","href":"https:\/\/api.w.org\/{rel}","templated":true}]}}