{"id":786,"date":"2011-04-30T18:06:52","date_gmt":"2011-04-30T16:06:52","guid":{"rendered":"http:\/\/torrequebradilla.com\/blog\/?p=786"},"modified":"2011-04-30T18:06:52","modified_gmt":"2011-04-30T16:06:52","slug":"video-del-pregon-de-san-marcos-2011","status":"publish","type":"post","link":"https:\/\/torrequebradilla.com\/blog\/?p=786","title":{"rendered":"V\u00eddeo del preg\u00f3n de San Marcos 2011"},"content":{"rendered":"<div id=\"fb-root\"><\/div>\n<p>Aqu\u00ed os dejo el v\u00eddeo del preg\u00f3n completo a cargo de <strong>Dolores D\u00edaz Mu\u00f1oz<\/strong>, enlazado en Facebook gracias a Fernando Exp\u00f3sito.<\/p>\n<p><object width=\"400\" height=\"325\"><param name=\"movie\" value=\"http:\/\/www.youtube.com\/v\/wMnmyqXG5YA&amp;hl=es_ES&amp;fs=1?rel=0\"><\/param><param name=\"allowFullScreen\" value=\"true\"><\/param><param name=\"allowscriptaccess\" value=\"always\"><\/param><embed src=\"http:\/\/www.youtube.com\/v\/wMnmyqXG5YA&amp;hl=es_ES&amp;fs=1?rel=0\" type=\"application\/x-shockwave-flash\" allowscriptaccess=\"always\" allowfullscreen=\"true\" width=\"400\" height=\"325\"><\/embed><\/object><\/p>\n","protected":false},"excerpt":{"rendered":"<p>Aqu\u00ed os dejo el v\u00eddeo del preg\u00f3n completo a cargo de Dolores D\u00edaz Mu\u00f1oz, enlazado en Facebook gracias a Fernando Exp\u00f3sito.<\/p>\n","protected":false},"author":1,"featured_media":13062,"comment_status":"open","ping_status":"closed","sticky":false,"template":"","format":"standard","meta":{"_crdt_document":"","ngg_post_thumbnail":0,"footnotes":""},"categories":[6],"tags":[63,113,14],"class_list":["post-786","post","type-post","status-publish","format-standard","has-post-thumbnail","hentry","category-fotografias","tag-63","tag-fiestas","tag-san-marcos"],"_links":{"self":[{"href":"https:\/\/torrequebradilla.com\/blog\/index.php?rest_route=\/wp\/v2\/posts\/786","targetHints":{"allow":["GET"]}}],"collection":[{"href":"https:\/\/torrequebradilla.com\/blog\/index.php?rest_route=\/wp\/v2\/posts"}],"about":[{"href":"https:\/\/torrequebradilla.com\/blog\/index.php?rest_route=\/wp\/v2\/types\/post"}],"author":[{"embeddable":true,"href":"https:\/\/torrequebradilla.com\/blog\/index.php?rest_route=\/wp\/v2\/users\/1"}],"replies":[{"embeddable":true,"href":"https:\/\/torrequebradilla.com\/blog\/index.php?rest_route=%2Fwp%2Fv2%2Fcomments&post=786"}],"version-history":[{"count":0,"href":"https:\/\/torrequebradilla.com\/blog\/index.php?rest_route=\/wp\/v2\/posts\/786\/revisions"}],"wp:featuredmedia":[{"embeddable":true,"href":"https:\/\/torrequebradilla.com\/blog\/index.php?rest_route=\/wp\/v2\/media\/13062"}],"wp:attachment":[{"href":"https:\/\/torrequebradilla.com\/blog\/index.php?rest_route=%2Fwp%2Fv2%2Fmedia&parent=786"}],"wp:term":[{"taxonomy":"category","embeddable":true,"href":"https:\/\/torrequebradilla.com\/blog\/index.php?rest_route=%2Fwp%2Fv2%2Fcategories&post=786"},{"taxonomy":"post_tag","embeddable":true,"href":"https:\/\/torrequebradilla.com\/blog\/index.php?rest_route=%2Fwp%2Fv2%2Ftags&post=786"}],"curies":[{"name":"wp","href":"https:\/\/api.w.org\/{rel}","templated":true}]}}