{"id":657,"date":"2010-10-02T20:42:36","date_gmt":"2010-10-02T18:42:36","guid":{"rendered":"http:\/\/torrequebradilla.com\/blog\/?p=657"},"modified":"2010-10-02T20:53:26","modified_gmt":"2010-10-02T18:53:26","slug":"virgen-del-rosario-2010-programacion","status":"publish","type":"post","link":"https:\/\/torrequebradilla.com\/blog\/?p=657","title":{"rendered":"Virgen del Rosario 2010: Programaci\u00f3n"},"content":{"rendered":"<div id=\"fb-root\"><\/div>\n<p>Aqu\u00ed tenemos el programa para las fiestas en honor a la Virgen del Rosario 2010.<\/p>\n<p><!--more--><\/p>\n<p>Programa:<\/p>\n<p><strong>JUEVES 7<\/strong><\/p>\n<ul>\n<li>11:30h &#8211; Misa en honor a la Virgen del Rosario. A continuaci\u00f3n, tendr\u00e1 lugar en la Plaza Mayor una copa de hermandad, acompa\u00f1ada de platos t\u00edpicos, para todo aquel que quiera asistir y colaborar.<\/li>\n<\/ul>\n<p><strong>VIERNES 8<\/strong><\/p>\n<ul>\n<li>20:30h &#8211;\u00a0Concurso de playbacks y baile para ni\u00f1os y mayores acompa\u00f1ado con barra.<\/li>\n<\/ul>\n<p><strong>S\u00c1BADO 9<\/strong><\/p>\n<ul>\n<li>07:00h &#8211; Rosario de la Aurora. A continuaci\u00f3n, desayuno con chocolate en la Plaza Mayor para todos los asistentes.<\/li>\n<li>22:00h &#8211; Verbena popular amenizada por la orquesta &#8220;Auge&#8221;.<\/li>\n<\/ul>\n<p><strong>DOMINGO 10<\/strong><\/p>\n<ul>\n<li>12:00h &#8211; Misa en honor a la Virgen del Rosario. A continuaci\u00f3n se har\u00e1 la procesi\u00f3n de la Virgen acompa\u00f1ada por la banda de m\u00fasica.<\/li>\n<li>15:00h &#8211; Degustaci\u00f3n de Paellas en la Plaza Mayor para todas las personas que quieran asistir.<\/li>\n<\/ul>\n<p><img loading=\"lazy\" decoding=\"async\" title=\"PDF\" src=\"http:\/\/torrequebradilla.com\/blog\/wp-content\/gallery\/icons\/pdf-50px.png\" alt=\"\" width=\"50\" height=\"50\" \/> <a title=\"Bajar en PDF\" href=\"http:\/\/www.torrequebradilla.com\/pdf\/programas\/v.rosario\/2010-v.rosario-programa.pdf\" target=\"_blank\">Descargar el programa en PDF<\/a><\/p>\n","protected":false},"excerpt":{"rendered":"<p>Aqu\u00ed tenemos el programa para las fiestas en honor a la Virgen del Rosario 2010.<\/p>\n","protected":false},"author":1,"featured_media":0,"comment_status":"open","ping_status":"closed","sticky":false,"template":"","format":"standard","meta":{"_crdt_document":"","ngg_post_thumbnail":0,"footnotes":""},"categories":[10],"tags":[115,113,8],"class_list":["post-657","post","type-post","status-publish","format-standard","hentry","category-publicaciones","tag-115","tag-fiestas","tag-virgen-del-rosario"],"_links":{"self":[{"href":"https:\/\/torrequebradilla.com\/blog\/index.php?rest_route=\/wp\/v2\/posts\/657","targetHints":{"allow":["GET"]}}],"collection":[{"href":"https:\/\/torrequebradilla.com\/blog\/index.php?rest_route=\/wp\/v2\/posts"}],"about":[{"href":"https:\/\/torrequebradilla.com\/blog\/index.php?rest_route=\/wp\/v2\/types\/post"}],"author":[{"embeddable":true,"href":"https:\/\/torrequebradilla.com\/blog\/index.php?rest_route=\/wp\/v2\/users\/1"}],"replies":[{"embeddable":true,"href":"https:\/\/torrequebradilla.com\/blog\/index.php?rest_route=%2Fwp%2Fv2%2Fcomments&post=657"}],"version-history":[{"count":0,"href":"https:\/\/torrequebradilla.com\/blog\/index.php?rest_route=\/wp\/v2\/posts\/657\/revisions"}],"wp:attachment":[{"href":"https:\/\/torrequebradilla.com\/blog\/index.php?rest_route=%2Fwp%2Fv2%2Fmedia&parent=657"}],"wp:term":[{"taxonomy":"category","embeddable":true,"href":"https:\/\/torrequebradilla.com\/blog\/index.php?rest_route=%2Fwp%2Fv2%2Fcategories&post=657"},{"taxonomy":"post_tag","embeddable":true,"href":"https:\/\/torrequebradilla.com\/blog\/index.php?rest_route=%2Fwp%2Fv2%2Ftags&post=657"}],"curies":[{"name":"wp","href":"https:\/\/api.w.org\/{rel}","templated":true}]}}