{"id":627,"date":"2010-08-18T02:04:33","date_gmt":"2010-08-18T00:04:33","guid":{"rendered":"http:\/\/torrequebradilla.com\/blog\/?p=627"},"modified":"2010-08-18T02:25:23","modified_gmt":"2010-08-18T00:25:23","slug":"semana-cultural-2010-cine-y-musica","status":"publish","type":"post","link":"https:\/\/torrequebradilla.com\/blog\/?p=627","title":{"rendered":"Semana Cultural 2010: Cine y m\u00fasica"},"content":{"rendered":"<div id=\"fb-root\"><\/div>\n<p>La Asociaci\u00f3n Juvenil &#8220;Oningis Havia&#8221;, con motivo de la celebraci\u00f3n de la Semana Cultural, les invita a participar en las actividades que se llevar\u00e1n a cabo los d\u00edas 17, 18, 19 y 20 de Agosto.<\/p>\n<p><!--more--><\/p>\n<p><strong>CICLO DE CINE:<\/strong> &#8220;Los mejores a\u00f1os de nuestra vida&#8221; [&#8230;]<\/p>\n<ul>\n<li>Martes 17: &#8220;<strong>UP<\/strong>&#8221; [&#8230;]<\/li>\n<li>Mi\u00e9rcoles 18: &#8220;<strong>Toy Story 3<\/strong>&#8221; [&#8230;]<\/li>\n<li>Jueves 19: &#8220;<strong>Alicia en el pa\u00eds de las maravillas<\/strong>&#8221; [&#8230;]<\/li>\n<\/ul>\n<p><strong>CICLO DE M\u00daSICA:<\/strong> &#8220;M\u00fasica cl\u00e1sica a la fuerza&#8221; [&#8230;]<\/p>\n<ul>\n<li>Martes 17: &#8220;<strong>Claro de luna<\/strong>&#8220;. Ludwig van Beethoven. [&#8230;]<\/li>\n<li>Mi\u00e9rcoles 18: &#8220;<strong>Pasi\u00f3n seg\u00fan San Mateo<\/strong>&#8220;. Johan Sebasti\u00e1n Bach.[&#8230;]<\/li>\n<li>Jueves 19: &#8220;<strong>Verano<\/strong>&#8220;. Antonio Vivladi. [&#8230;]<\/li>\n<\/ul>\n<p><img loading=\"lazy\" decoding=\"async\" title=\"PDF\" src=\"http:\/\/torrequebradilla.com\/blog\/wp-content\/gallery\/icons\/pdf-50px.png\" alt=\"\" width=\"50\" height=\"50\" \/> <a title=\"Bajar en PDF\" href=\"http:\/\/www.torrequebradilla.com\/pdf\/programas\/s.cultural\/2010-s.cultural-cine.musica.pdf\" target=\"_blank\">Descargar el programa en PDF<\/a><\/p>\n<p><strong>Trailers:<\/strong><\/p>\n<p><strong><br \/>\n<\/strong>[youtube]http:\/\/www.youtube.com\/watch?v=qas5lWp7_R0[\/youtube]<\/p>\n<p>[youtube]http:\/\/www.youtube.com\/watch?v=v_FfHA5whXc[\/youtube]<\/p>\n<p>[youtube]http:\/\/www.youtube.com\/watch?v=9POCgSRVvf0[\/youtube]<\/p>\n<pre>[spotify:track:4vbpZcq2I1Q52hkKQRMUwc]<\/pre>\n<pre>[spotify:track:0FJKjGbBXtYWG1UZgUu7iw]<\/pre>\n<pre>[spotify:track:6LOY1R74xN5jQjRiLrlsGO]<\/pre>\n<pre>[spotify:track:0zlwtAMpzDKcux1L8EJwTx]<\/pre>\n<pre>[spotify:track:3OVsTgskLUuKHaIMogUT8J]<\/pre>\n<pre><\/pre>\n<p><strong>NOTA<\/strong>: Alguna vez se podr\u00eda hacer un tour de versiones.<\/p>\n<pre><\/pre>\n<pre>[spotify:track:0vIH3R0R2v2YmwDN0RyaOj]<\/pre>\n","protected":false},"excerpt":{"rendered":"<p>La Asociaci\u00f3n Juvenil &#8220;Oningis Havia&#8221;, con motivo de la celebraci\u00f3n de la Semana Cultural, les invita a participar en las actividades que se llevar\u00e1n a cabo los d\u00edas 17, 18, 19 y 20 de Agosto.<\/p>\n","protected":false},"author":1,"featured_media":13063,"comment_status":"open","ping_status":"closed","sticky":false,"template":"","format":"standard","meta":{"_crdt_document":"","ngg_post_thumbnail":0,"footnotes":""},"categories":[10],"tags":[115,113,23],"class_list":["post-627","post","type-post","status-publish","format-standard","has-post-thumbnail","hentry","category-publicaciones","tag-115","tag-fiestas","tag-semana-cultural"],"_links":{"self":[{"href":"https:\/\/torrequebradilla.com\/blog\/index.php?rest_route=\/wp\/v2\/posts\/627","targetHints":{"allow":["GET"]}}],"collection":[{"href":"https:\/\/torrequebradilla.com\/blog\/index.php?rest_route=\/wp\/v2\/posts"}],"about":[{"href":"https:\/\/torrequebradilla.com\/blog\/index.php?rest_route=\/wp\/v2\/types\/post"}],"author":[{"embeddable":true,"href":"https:\/\/torrequebradilla.com\/blog\/index.php?rest_route=\/wp\/v2\/users\/1"}],"replies":[{"embeddable":true,"href":"https:\/\/torrequebradilla.com\/blog\/index.php?rest_route=%2Fwp%2Fv2%2Fcomments&post=627"}],"version-history":[{"count":0,"href":"https:\/\/torrequebradilla.com\/blog\/index.php?rest_route=\/wp\/v2\/posts\/627\/revisions"}],"wp:featuredmedia":[{"embeddable":true,"href":"https:\/\/torrequebradilla.com\/blog\/index.php?rest_route=\/wp\/v2\/media\/13063"}],"wp:attachment":[{"href":"https:\/\/torrequebradilla.com\/blog\/index.php?rest_route=%2Fwp%2Fv2%2Fmedia&parent=627"}],"wp:term":[{"taxonomy":"category","embeddable":true,"href":"https:\/\/torrequebradilla.com\/blog\/index.php?rest_route=%2Fwp%2Fv2%2Fcategories&post=627"},{"taxonomy":"post_tag","embeddable":true,"href":"https:\/\/torrequebradilla.com\/blog\/index.php?rest_route=%2Fwp%2Fv2%2Ftags&post=627"}],"curies":[{"name":"wp","href":"https:\/\/api.w.org\/{rel}","templated":true}]}}