{"id":624,"date":"2010-08-17T21:46:16","date_gmt":"2010-08-17T19:46:16","guid":{"rendered":"http:\/\/torrequebradilla.com\/blog\/?p=624"},"modified":"2010-08-17T21:46:16","modified_gmt":"2010-08-17T19:46:16","slug":"semana-cultural-2010-programacion","status":"publish","type":"post","link":"https:\/\/torrequebradilla.com\/blog\/?p=624","title":{"rendered":"Semana Cultural 2010: Programaci\u00f3n"},"content":{"rendered":"<div id=\"fb-root\"><\/div>\n<p>Aqu\u00ed tenemos el programa para la <strong>Semana Cultural<\/strong> que nos prepara, como cada a\u00f1o, \u00a0la <strong>Asociaci\u00f3n Juvenil &#8220;Oningis-Havia&#8221;<\/strong>.<\/p>\n<p><!--more--><\/p>\n<p>Programa:<\/p>\n<p><strong>VIERNES 20<\/strong><\/p>\n<ul>\n<li>22:00h &#8211; Actuaci\u00f3n de la Orquesta &#8220;<strong>Auge<\/strong>&#8220;<\/li>\n<\/ul>\n<p><strong>S\u00c1BADO 21<\/strong><\/p>\n<ul>\n<li>20:00h &#8211; <strong>F\u00fatbol <\/strong>juvenil (Torrequebradilla-Vados de Torralba)<\/li>\n<li>21:30h &#8211; Exhibici\u00f3n de <strong>Play-backs<\/strong> por los ni\u00f1os de nuestro pueblo. A continuaci\u00f3n, para todos los j\u00f3venes, pinchar\u00e1 <strong>Dj. Acosta<\/strong>.<\/li>\n<\/ul>\n<p><strong>DOMINGO 22<\/strong><\/p>\n<ul>\n<li>14:00h &#8211; Degustaci\u00f3n de <strong>paella<\/strong>.<\/li>\n<li>16:00h &#8211; <strong>Fiesta de la espuma<\/strong>, patrocinada por <strong>&#8220;Ciudad ante las drogas&#8221;<\/strong>.<\/li>\n<li>21:00h &#8211; Concierto a cargo de la <strong>Banda de Cornetas y Tambores del Stmo. Cristo de la Salud<\/strong> de Villargordo, (con algunos componentes de nuestro pueblo)<\/li>\n<\/ul>\n<p><img loading=\"lazy\" decoding=\"async\" title=\"PDF\" src=\"http:\/\/torrequebradilla.com\/blog\/wp-content\/gallery\/icons\/pdf-50px.png\" alt=\"\" width=\"50\" height=\"50\" \/> <a title=\"Bajar en PDF\" href=\"http:\/\/www.torrequebradilla.com\/pdf\/programas\/s.cultural\/2010-s.cultural-programa.pdf\" target=\"_blank\">Descargar el programa en PDF<\/a><\/p>\n","protected":false},"excerpt":{"rendered":"<p>Aqu\u00ed tenemos el programa para la Semana Cultural que nos prepara, como cada a\u00f1o, \u00a0la Asociaci\u00f3n Juvenil &#8220;Oningis-Havia&#8221;.<\/p>\n","protected":false},"author":1,"featured_media":0,"comment_status":"open","ping_status":"closed","sticky":false,"template":"","format":"standard","meta":{"_crdt_document":"","ngg_post_thumbnail":0,"footnotes":""},"categories":[10],"tags":[115,113,23],"class_list":["post-624","post","type-post","status-publish","format-standard","hentry","category-publicaciones","tag-115","tag-fiestas","tag-semana-cultural"],"_links":{"self":[{"href":"https:\/\/torrequebradilla.com\/blog\/index.php?rest_route=\/wp\/v2\/posts\/624","targetHints":{"allow":["GET"]}}],"collection":[{"href":"https:\/\/torrequebradilla.com\/blog\/index.php?rest_route=\/wp\/v2\/posts"}],"about":[{"href":"https:\/\/torrequebradilla.com\/blog\/index.php?rest_route=\/wp\/v2\/types\/post"}],"author":[{"embeddable":true,"href":"https:\/\/torrequebradilla.com\/blog\/index.php?rest_route=\/wp\/v2\/users\/1"}],"replies":[{"embeddable":true,"href":"https:\/\/torrequebradilla.com\/blog\/index.php?rest_route=%2Fwp%2Fv2%2Fcomments&post=624"}],"version-history":[{"count":0,"href":"https:\/\/torrequebradilla.com\/blog\/index.php?rest_route=\/wp\/v2\/posts\/624\/revisions"}],"wp:attachment":[{"href":"https:\/\/torrequebradilla.com\/blog\/index.php?rest_route=%2Fwp%2Fv2%2Fmedia&parent=624"}],"wp:term":[{"taxonomy":"category","embeddable":true,"href":"https:\/\/torrequebradilla.com\/blog\/index.php?rest_route=%2Fwp%2Fv2%2Fcategories&post=624"},{"taxonomy":"post_tag","embeddable":true,"href":"https:\/\/torrequebradilla.com\/blog\/index.php?rest_route=%2Fwp%2Fv2%2Ftags&post=624"}],"curies":[{"name":"wp","href":"https:\/\/api.w.org\/{rel}","templated":true}]}}