{"id":6145,"date":"2016-08-14T13:02:54","date_gmt":"2016-08-14T11:02:54","guid":{"rendered":"http:\/\/torrequebradilla.com\/blog\/?p=6145"},"modified":"2016-08-14T13:02:54","modified_gmt":"2016-08-14T11:02:54","slug":"semana-cultural-2008","status":"publish","type":"post","link":"https:\/\/torrequebradilla.com\/blog\/?p=6145","title":{"rendered":"Semana Cultural 2008"},"content":{"rendered":"<div id=\"fb-root\"><\/div>\n<p>Rescatando fotograf\u00edas antiguas, dejo aqu\u00ed las fotograf\u00edas de la <strong>Semana Cultural de 2008<\/strong>, los d\u00edas 30 y 31 de agosto,\u00a0con\u00a0los playbacks de los ni\u00f1os y fiesta de la espuma en la plaza.<\/p>\nngg_shortcode_0_placeholder\n<p><iframe loading=\"lazy\" title=\"Semana Cultural 08\" width=\"640\" height=\"480\" src=\"https:\/\/www.youtube.com\/embed\/GoHHRdyUvWE?feature=oembed\" frameborder=\"0\" allow=\"accelerometer; autoplay; clipboard-write; encrypted-media; gyroscope; picture-in-picture; web-share\" referrerpolicy=\"strict-origin-when-cross-origin\" allowfullscreen><\/iframe><br \/>\n<iframe loading=\"lazy\" title=\"08 Semana Cultural\" width=\"640\" height=\"480\" src=\"https:\/\/www.youtube.com\/embed\/7pWL97kf0IY?feature=oembed\" frameborder=\"0\" allow=\"accelerometer; autoplay; clipboard-write; encrypted-media; gyroscope; picture-in-picture; web-share\" referrerpolicy=\"strict-origin-when-cross-origin\" allowfullscreen><\/iframe><br \/>\n<iframe loading=\"lazy\" title=\"08 Semana Cultural\" width=\"640\" height=\"480\" src=\"https:\/\/www.youtube.com\/embed\/tIzYG1r5rW4?feature=oembed\" frameborder=\"0\" allow=\"accelerometer; autoplay; clipboard-write; encrypted-media; gyroscope; picture-in-picture; web-share\" referrerpolicy=\"strict-origin-when-cross-origin\" allowfullscreen><\/iframe><br \/>\n<iframe loading=\"lazy\" title=\"08 Semana Cultural\" width=\"640\" height=\"480\" src=\"https:\/\/www.youtube.com\/embed\/qH5lSHW4tF0?feature=oembed\" frameborder=\"0\" allow=\"accelerometer; autoplay; clipboard-write; encrypted-media; gyroscope; picture-in-picture; web-share\" referrerpolicy=\"strict-origin-when-cross-origin\" allowfullscreen><\/iframe><\/p>\n","protected":false},"excerpt":{"rendered":"<p>Rescatando fotograf\u00edas antiguas, dejo aqu\u00ed las fotograf\u00edas de la Semana Cultural de 2008, los d\u00edas 30 y 31 de agosto,\u00a0con\u00a0los playbacks de los ni\u00f1os y fiesta de la espuma en la plaza.<\/p>\n","protected":false},"author":1,"featured_media":6244,"comment_status":"closed","ping_status":"closed","sticky":false,"template":"","format":"standard","meta":{"_crdt_document":"","ngg_post_thumbnail":0,"footnotes":""},"categories":[6],"tags":[5,113,47,23],"class_list":["post-6145","post","type-post","status-publish","format-standard","has-post-thumbnail","hentry","category-fotografias","tag-5","tag-fiestas","tag-playbacks","tag-semana-cultural"],"_links":{"self":[{"href":"https:\/\/torrequebradilla.com\/blog\/index.php?rest_route=\/wp\/v2\/posts\/6145","targetHints":{"allow":["GET"]}}],"collection":[{"href":"https:\/\/torrequebradilla.com\/blog\/index.php?rest_route=\/wp\/v2\/posts"}],"about":[{"href":"https:\/\/torrequebradilla.com\/blog\/index.php?rest_route=\/wp\/v2\/types\/post"}],"author":[{"embeddable":true,"href":"https:\/\/torrequebradilla.com\/blog\/index.php?rest_route=\/wp\/v2\/users\/1"}],"replies":[{"embeddable":true,"href":"https:\/\/torrequebradilla.com\/blog\/index.php?rest_route=%2Fwp%2Fv2%2Fcomments&post=6145"}],"version-history":[{"count":1,"href":"https:\/\/torrequebradilla.com\/blog\/index.php?rest_route=\/wp\/v2\/posts\/6145\/revisions"}],"predecessor-version":[{"id":6311,"href":"https:\/\/torrequebradilla.com\/blog\/index.php?rest_route=\/wp\/v2\/posts\/6145\/revisions\/6311"}],"wp:featuredmedia":[{"embeddable":true,"href":"https:\/\/torrequebradilla.com\/blog\/index.php?rest_route=\/wp\/v2\/media\/6244"}],"wp:attachment":[{"href":"https:\/\/torrequebradilla.com\/blog\/index.php?rest_route=%2Fwp%2Fv2%2Fmedia&parent=6145"}],"wp:term":[{"taxonomy":"category","embeddable":true,"href":"https:\/\/torrequebradilla.com\/blog\/index.php?rest_route=%2Fwp%2Fv2%2Fcategories&post=6145"},{"taxonomy":"post_tag","embeddable":true,"href":"https:\/\/torrequebradilla.com\/blog\/index.php?rest_route=%2Fwp%2Fv2%2Ftags&post=6145"}],"curies":[{"name":"wp","href":"https:\/\/api.w.org\/{rel}","templated":true}]}}