{"id":6131,"date":"2016-08-14T12:35:00","date_gmt":"2016-08-14T10:35:00","guid":{"rendered":"http:\/\/torrequebradilla.com\/blog\/?p=6131"},"modified":"2016-08-14T12:58:07","modified_gmt":"2016-08-14T10:58:07","slug":"semana-cultural-2007","status":"publish","type":"post","link":"https:\/\/torrequebradilla.com\/blog\/?p=6131","title":{"rendered":"Semana Cultural 2007"},"content":{"rendered":"<div id=\"fb-root\"><\/div>\n<p>Rescatando fotograf\u00edas antiguas, dejo aqu\u00ed las fotograf\u00edas y unos v\u00eddeos de la <strong>Semana Cultural de 2007, <\/strong>organizada por la Asociaci\u00f3n Juvenil Oningis-Havia,\u00a0con\u00a0los playbacks de los ni\u00f1os.<\/p>\nngg_shortcode_0_placeholder\n<p><iframe loading=\"lazy\" title=\"Semana Cultural 07\" width=\"640\" height=\"480\" src=\"https:\/\/www.youtube.com\/embed\/vtnr4oDsKAY?feature=oembed\" frameborder=\"0\" allow=\"accelerometer; autoplay; clipboard-write; encrypted-media; gyroscope; picture-in-picture; web-share\" referrerpolicy=\"strict-origin-when-cross-origin\" allowfullscreen><\/iframe><br \/>\n<iframe loading=\"lazy\" title=\"Semana Cultural 07\" width=\"640\" height=\"360\" src=\"https:\/\/www.youtube.com\/embed\/3f-wmVnxYu4?feature=oembed\" frameborder=\"0\" allow=\"accelerometer; autoplay; clipboard-write; encrypted-media; gyroscope; picture-in-picture; web-share\" referrerpolicy=\"strict-origin-when-cross-origin\" allowfullscreen><\/iframe><br \/>\n<iframe loading=\"lazy\" title=\"Semana Cultural 07\" width=\"640\" height=\"360\" src=\"https:\/\/www.youtube.com\/embed\/nfZyMxgdpdo?feature=oembed\" frameborder=\"0\" allow=\"accelerometer; autoplay; clipboard-write; encrypted-media; gyroscope; picture-in-picture; web-share\" referrerpolicy=\"strict-origin-when-cross-origin\" allowfullscreen><\/iframe><br \/>\n<iframe loading=\"lazy\" title=\"Semana Cultural 07\" width=\"640\" height=\"480\" src=\"https:\/\/www.youtube.com\/embed\/OHXk3aja1yc?feature=oembed\" frameborder=\"0\" allow=\"accelerometer; autoplay; clipboard-write; encrypted-media; gyroscope; picture-in-picture; web-share\" referrerpolicy=\"strict-origin-when-cross-origin\" allowfullscreen><\/iframe><br \/>\n<iframe loading=\"lazy\" title=\"Semana Cultural 07\" width=\"640\" height=\"480\" src=\"https:\/\/www.youtube.com\/embed\/as268y6lgoA?feature=oembed\" frameborder=\"0\" allow=\"accelerometer; autoplay; clipboard-write; encrypted-media; gyroscope; picture-in-picture; web-share\" referrerpolicy=\"strict-origin-when-cross-origin\" allowfullscreen><\/iframe><br \/>\n<iframe loading=\"lazy\" title=\"Semana Cultural 07\" width=\"640\" height=\"480\" src=\"https:\/\/www.youtube.com\/embed\/zPReLIKAOCI?feature=oembed\" frameborder=\"0\" allow=\"accelerometer; autoplay; clipboard-write; encrypted-media; gyroscope; picture-in-picture; web-share\" referrerpolicy=\"strict-origin-when-cross-origin\" allowfullscreen><\/iframe><\/p>\n","protected":false},"excerpt":{"rendered":"<p>Rescatando fotograf\u00edas antiguas, dejo aqu\u00ed las fotograf\u00edas y unos v\u00eddeos de la Semana Cultural de 2007, organizada por la Asociaci\u00f3n Juvenil Oningis-Havia,\u00a0con\u00a0los playbacks de los ni\u00f1os.<\/p>\n","protected":false},"author":1,"featured_media":6134,"comment_status":"closed","ping_status":"closed","sticky":false,"template":"","format":"standard","meta":{"_crdt_document":"","ngg_post_thumbnail":0,"footnotes":""},"categories":[6],"tags":[133,113,47,23],"class_list":["post-6131","post","type-post","status-publish","format-standard","has-post-thumbnail","hentry","category-fotografias","tag-133","tag-fiestas","tag-playbacks","tag-semana-cultural"],"_links":{"self":[{"href":"https:\/\/torrequebradilla.com\/blog\/index.php?rest_route=\/wp\/v2\/posts\/6131","targetHints":{"allow":["GET"]}}],"collection":[{"href":"https:\/\/torrequebradilla.com\/blog\/index.php?rest_route=\/wp\/v2\/posts"}],"about":[{"href":"https:\/\/torrequebradilla.com\/blog\/index.php?rest_route=\/wp\/v2\/types\/post"}],"author":[{"embeddable":true,"href":"https:\/\/torrequebradilla.com\/blog\/index.php?rest_route=\/wp\/v2\/users\/1"}],"replies":[{"embeddable":true,"href":"https:\/\/torrequebradilla.com\/blog\/index.php?rest_route=%2Fwp%2Fv2%2Fcomments&post=6131"}],"version-history":[{"count":4,"href":"https:\/\/torrequebradilla.com\/blog\/index.php?rest_route=\/wp\/v2\/posts\/6131\/revisions"}],"predecessor-version":[{"id":6310,"href":"https:\/\/torrequebradilla.com\/blog\/index.php?rest_route=\/wp\/v2\/posts\/6131\/revisions\/6310"}],"wp:featuredmedia":[{"embeddable":true,"href":"https:\/\/torrequebradilla.com\/blog\/index.php?rest_route=\/wp\/v2\/media\/6134"}],"wp:attachment":[{"href":"https:\/\/torrequebradilla.com\/blog\/index.php?rest_route=%2Fwp%2Fv2%2Fmedia&parent=6131"}],"wp:term":[{"taxonomy":"category","embeddable":true,"href":"https:\/\/torrequebradilla.com\/blog\/index.php?rest_route=%2Fwp%2Fv2%2Fcategories&post=6131"},{"taxonomy":"post_tag","embeddable":true,"href":"https:\/\/torrequebradilla.com\/blog\/index.php?rest_route=%2Fwp%2Fv2%2Ftags&post=6131"}],"curies":[{"name":"wp","href":"https:\/\/api.w.org\/{rel}","templated":true}]}}