{"id":5684,"date":"2016-08-14T11:45:24","date_gmt":"2016-08-14T09:45:24","guid":{"rendered":"http:\/\/torrequebradilla.com\/blog\/?p=5684"},"modified":"2016-08-14T11:45:24","modified_gmt":"2016-08-14T09:45:24","slug":"semana-cultural-2003","status":"publish","type":"post","link":"https:\/\/torrequebradilla.com\/blog\/?p=5684","title":{"rendered":"Semana Cultural 2003"},"content":{"rendered":"<div id=\"fb-root\"><\/div>\n<p>Rescatando fotograf\u00edas antiguas, dejo aqu\u00ed las fotograf\u00edas de la Semana Cultural de 2003, con los playbacks de los ni\u00f1os en la plaza.<\/p>\n<h6>Nota: Fotograf\u00edas de poca calidad<\/h6>\nngg_shortcode_0_placeholder\n","protected":false},"excerpt":{"rendered":"<p>Rescatando fotograf\u00edas antiguas, dejo aqu\u00ed las fotograf\u00edas de la Semana Cultural de 2003, con los playbacks de los ni\u00f1os en la plaza. Nota: Fotograf\u00edas de poca calidad<\/p>\n","protected":false},"author":1,"featured_media":5749,"comment_status":"closed","ping_status":"closed","sticky":false,"template":"","format":"standard","meta":{"_crdt_document":"","ngg_post_thumbnail":0,"footnotes":""},"categories":[6],"tags":[130,113,23],"class_list":["post-5684","post","type-post","status-publish","format-standard","has-post-thumbnail","hentry","category-fotografias","tag-130","tag-fiestas","tag-semana-cultural"],"_links":{"self":[{"href":"https:\/\/torrequebradilla.com\/blog\/index.php?rest_route=\/wp\/v2\/posts\/5684","targetHints":{"allow":["GET"]}}],"collection":[{"href":"https:\/\/torrequebradilla.com\/blog\/index.php?rest_route=\/wp\/v2\/posts"}],"about":[{"href":"https:\/\/torrequebradilla.com\/blog\/index.php?rest_route=\/wp\/v2\/types\/post"}],"author":[{"embeddable":true,"href":"https:\/\/torrequebradilla.com\/blog\/index.php?rest_route=\/wp\/v2\/users\/1"}],"replies":[{"embeddable":true,"href":"https:\/\/torrequebradilla.com\/blog\/index.php?rest_route=%2Fwp%2Fv2%2Fcomments&post=5684"}],"version-history":[{"count":1,"href":"https:\/\/torrequebradilla.com\/blog\/index.php?rest_route=\/wp\/v2\/posts\/5684\/revisions"}],"predecessor-version":[{"id":5750,"href":"https:\/\/torrequebradilla.com\/blog\/index.php?rest_route=\/wp\/v2\/posts\/5684\/revisions\/5750"}],"wp:featuredmedia":[{"embeddable":true,"href":"https:\/\/torrequebradilla.com\/blog\/index.php?rest_route=\/wp\/v2\/media\/5749"}],"wp:attachment":[{"href":"https:\/\/torrequebradilla.com\/blog\/index.php?rest_route=%2Fwp%2Fv2%2Fmedia&parent=5684"}],"wp:term":[{"taxonomy":"category","embeddable":true,"href":"https:\/\/torrequebradilla.com\/blog\/index.php?rest_route=%2Fwp%2Fv2%2Fcategories&post=5684"},{"taxonomy":"post_tag","embeddable":true,"href":"https:\/\/torrequebradilla.com\/blog\/index.php?rest_route=%2Fwp%2Fv2%2Ftags&post=5684"}],"curies":[{"name":"wp","href":"https:\/\/api.w.org\/{rel}","templated":true}]}}