{"id":565,"date":"2010-07-21T12:55:13","date_gmt":"2010-07-21T10:55:13","guid":{"rendered":"http:\/\/torrequebradilla.com\/blog\/?p=565"},"modified":"2010-07-21T12:57:17","modified_gmt":"2010-07-21T10:57:17","slug":"torrequebradilla-es-historia","status":"publish","type":"post","link":"https:\/\/torrequebradilla.com\/blog\/?p=565","title":{"rendered":"Torrequebradilla es historia."},"content":{"rendered":"<div id=\"fb-root\"><\/div>\n<p>Seg\u00fan algunos cronistas, Torrequebradilla, al igual que otros pueblos de esta regi\u00f3n, es de remoto origen, ocup\u00e1ndose de \u00e9l Plinio, y despu\u00e9s Tolomeo, que lo incluyen en tablas geogr\u00e1ficas con el nombre de <strong>Oringis-Havia<\/strong>\u201d.<\/p>\n<p>Este nombre dado por los romanos fue confirmado por los godos, seg\u00fan consta en un documento del Obispado de Baeza. Los moros la fortificaron como puesto importante de Ja\u00e9n. Fue entonces cuan do creci\u00f3 en importancia.<\/p>\n<p>En 1150 cae en poder de Alfonso VII, siendo recuperada a los pocos meses por los sarracenos.<\/p>\n<p>Se cree que en Torrequebradilla pudo estar el famoso Castillo de Esnadar, para cuya conquista parti\u00f3 desde Quesada Fernando III en 1219, donde encontr\u00f3 ruda resistencia, no consiguiendo tomarla hasta 1230, una vez recuperado y rendido Ja\u00e9n. Fue recuperada por los Caballeros de Calatrava, a cuya orden perteneci\u00f3 largos a\u00f1os.<\/p>\n<p>En 1340 recibi\u00f3 t\u00edtulo de leal y varios privilegios concedidos por Alfonso Xl, por haber asistido a la Batalla del Salado.<\/p>\n<p>Permaneci\u00f3 del lado de los Reyes Cat\u00f3licos en la conquista de Baeza, por lo que recibi\u00f3 nuevas mercedes, entre ellas la Carta de Puebla Nueva, por la que dejaba de pertenecer a la Orden de Calatrava, recibiendo el mismo fuero de Ja\u00e9n.<\/p>\n<p>Don I\u00f1igo Fern\u00e1ndez de C\u00f3rdoba y Mendoza fue Se\u00f1or de Torrequebradilla por t\u00edtulo que se le concedi\u00f3 el 1 de septiembre de 1640 (e,) por Felipe IV.<\/p>\n<p>Por \u00faltimo, en la guerra de Sucesi\u00f3n perteneci\u00f3 y permaneci\u00f3 fiel a Felipe V, como casi toda la regi\u00f3n, recibiendo el t\u00edtulo de Fiel en 1717, seg\u00fan el Cat\u00e1logo de Rivarola, publicado en 1720.<\/p>\n<p>El escudo consta de un castillo en jefe, dos lunas en menguante en el centro y la Cruz de Calatrava en punta, todo sobre campo de gules. Es el escudo del Marqu\u00e9s de Valencina.<\/p>\n<blockquote><p>\u201cDe la revista PUEBLO y CULTURA.- Patronato de Cultura\u201d.<\/p>\n<p>Extra\u00eddo\u00a0del Libro de Fiestas de San Marcos 1994<\/p><\/blockquote>\n","protected":false},"excerpt":{"rendered":"<p>Seg\u00fan algunos cronistas, Torrequebradilla, al igual que otros pueblos de esta regi\u00f3n, es de remoto origen, ocup\u00e1ndose de \u00e9l Plinio, y despu\u00e9s Tolomeo, que lo incluyen en tablas geogr\u00e1ficas con el nombre de Oringis-Havia\u201d. Este nombre dado por los romanos fue confirmado por los godos, seg\u00fan consta en un documento del Obispado de Baeza. Los [&hellip;]<\/p>\n","protected":false},"author":1,"featured_media":0,"comment_status":"open","ping_status":"closed","sticky":false,"template":"","format":"standard","meta":{"_crdt_document":"","ngg_post_thumbnail":0,"footnotes":""},"categories":[1],"tags":[13,112],"class_list":["post-565","post","type-post","status-publish","format-standard","hentry","category-historia","tag-13","tag-historia"],"_links":{"self":[{"href":"https:\/\/torrequebradilla.com\/blog\/index.php?rest_route=\/wp\/v2\/posts\/565","targetHints":{"allow":["GET"]}}],"collection":[{"href":"https:\/\/torrequebradilla.com\/blog\/index.php?rest_route=\/wp\/v2\/posts"}],"about":[{"href":"https:\/\/torrequebradilla.com\/blog\/index.php?rest_route=\/wp\/v2\/types\/post"}],"author":[{"embeddable":true,"href":"https:\/\/torrequebradilla.com\/blog\/index.php?rest_route=\/wp\/v2\/users\/1"}],"replies":[{"embeddable":true,"href":"https:\/\/torrequebradilla.com\/blog\/index.php?rest_route=%2Fwp%2Fv2%2Fcomments&post=565"}],"version-history":[{"count":0,"href":"https:\/\/torrequebradilla.com\/blog\/index.php?rest_route=\/wp\/v2\/posts\/565\/revisions"}],"wp:attachment":[{"href":"https:\/\/torrequebradilla.com\/blog\/index.php?rest_route=%2Fwp%2Fv2%2Fmedia&parent=565"}],"wp:term":[{"taxonomy":"category","embeddable":true,"href":"https:\/\/torrequebradilla.com\/blog\/index.php?rest_route=%2Fwp%2Fv2%2Fcategories&post=565"},{"taxonomy":"post_tag","embeddable":true,"href":"https:\/\/torrequebradilla.com\/blog\/index.php?rest_route=%2Fwp%2Fv2%2Ftags&post=565"}],"curies":[{"name":"wp","href":"https:\/\/api.w.org\/{rel}","templated":true}]}}