{"id":4785,"date":"2015-04-04T12:43:32","date_gmt":"2015-04-04T10:43:32","guid":{"rendered":"http:\/\/torrequebradilla.com\/blog\/?p=4785"},"modified":"2016-03-27T12:49:18","modified_gmt":"2016-03-27T10:49:18","slug":"jueves-santo-2015-video","status":"publish","type":"post","link":"https:\/\/torrequebradilla.com\/blog\/?p=4785","title":{"rendered":"Jueves Santo 2015: v\u00eddeo"},"content":{"rendered":"<div id=\"fb-root\"><\/div>\n<p>V\u00eddeo de la procesi\u00f3n de las im\u00e1genes de Nuestro Padre Jes\u00fas Nazareno y Ntra. Sra. de los Dolores en la noche Jueves Santo (03.04.2015) entrada a la Iglesia.<\/p>\n<p><iframe loading=\"lazy\" title=\"2015 - Jueves Santo 1\/2\" width=\"640\" height=\"360\" src=\"https:\/\/www.youtube.com\/embed\/bxUjR3GhmOU?feature=oembed\" frameborder=\"0\" allow=\"accelerometer; autoplay; clipboard-write; encrypted-media; gyroscope; picture-in-picture; web-share\" referrerpolicy=\"strict-origin-when-cross-origin\" allowfullscreen><\/iframe><br \/>\n<iframe loading=\"lazy\" title=\"2015 - Jueves Santo 2\/2\" width=\"640\" height=\"360\" src=\"https:\/\/www.youtube.com\/embed\/UEdwabuSyb0?feature=oembed\" frameborder=\"0\" allow=\"accelerometer; autoplay; clipboard-write; encrypted-media; gyroscope; picture-in-picture; web-share\" referrerpolicy=\"strict-origin-when-cross-origin\" allowfullscreen><\/iframe><\/p>\n","protected":false},"excerpt":{"rendered":"<p>V\u00eddeo de la procesi\u00f3n de las im\u00e1genes de Nuestro Padre Jes\u00fas Nazareno y Ntra. Sra. de los Dolores en la noche Jueves Santo (03.04.2015) entrada a la Iglesia.<\/p>\n","protected":false},"author":1,"featured_media":4789,"comment_status":"closed","ping_status":"closed","sticky":false,"template":"","format":"video","meta":{"_crdt_document":"","ngg_post_thumbnail":0,"footnotes":""},"categories":[3],"tags":[107,113,4],"class_list":["post-4785","post","type-post","status-publish","format-video","has-post-thumbnail","hentry","category-videos","tag-107","tag-fiestas","tag-semana-santa","post_format-post-format-video"],"_links":{"self":[{"href":"https:\/\/torrequebradilla.com\/blog\/index.php?rest_route=\/wp\/v2\/posts\/4785","targetHints":{"allow":["GET"]}}],"collection":[{"href":"https:\/\/torrequebradilla.com\/blog\/index.php?rest_route=\/wp\/v2\/posts"}],"about":[{"href":"https:\/\/torrequebradilla.com\/blog\/index.php?rest_route=\/wp\/v2\/types\/post"}],"author":[{"embeddable":true,"href":"https:\/\/torrequebradilla.com\/blog\/index.php?rest_route=\/wp\/v2\/users\/1"}],"replies":[{"embeddable":true,"href":"https:\/\/torrequebradilla.com\/blog\/index.php?rest_route=%2Fwp%2Fv2%2Fcomments&post=4785"}],"version-history":[{"count":1,"href":"https:\/\/torrequebradilla.com\/blog\/index.php?rest_route=\/wp\/v2\/posts\/4785\/revisions"}],"predecessor-version":[{"id":4788,"href":"https:\/\/torrequebradilla.com\/blog\/index.php?rest_route=\/wp\/v2\/posts\/4785\/revisions\/4788"}],"wp:featuredmedia":[{"embeddable":true,"href":"https:\/\/torrequebradilla.com\/blog\/index.php?rest_route=\/wp\/v2\/media\/4789"}],"wp:attachment":[{"href":"https:\/\/torrequebradilla.com\/blog\/index.php?rest_route=%2Fwp%2Fv2%2Fmedia&parent=4785"}],"wp:term":[{"taxonomy":"category","embeddable":true,"href":"https:\/\/torrequebradilla.com\/blog\/index.php?rest_route=%2Fwp%2Fv2%2Fcategories&post=4785"},{"taxonomy":"post_tag","embeddable":true,"href":"https:\/\/torrequebradilla.com\/blog\/index.php?rest_route=%2Fwp%2Fv2%2Ftags&post=4785"}],"curies":[{"name":"wp","href":"https:\/\/api.w.org\/{rel}","templated":true}]}}