{"id":4663,"date":"2016-02-07T20:55:30","date_gmt":"2016-02-07T19:55:30","guid":{"rendered":"http:\/\/torrequebradilla.com\/blog\/?p=4663"},"modified":"2016-02-07T20:55:30","modified_gmt":"2016-02-07T19:55:30","slug":"carnaval-2016","status":"publish","type":"post","link":"https:\/\/torrequebradilla.com\/blog\/?p=4663","title":{"rendered":"Carnaval 2016"},"content":{"rendered":"<div id=\"fb-root\"><\/div>\n<p>Fotograf\u00edas del Carnaval en el pueblo. Este a\u00f1o he pedido colaboraci\u00f3n para que la gente compartiese sus fotos de disfraces, ya que no pude ir. Gracias a Amanda, Adela, Juan Manuel, Marisa, Manuela, Jorge y todos aquellos que siempre est\u00e1n ah\u00ed con generosidad y paciencia infinita.<\/p>\nngg_shortcode_0_placeholder\n","protected":false},"excerpt":{"rendered":"<p>Fotograf\u00edas del Carnaval en el pueblo. Este a\u00f1o he pedido colaboraci\u00f3n para que la gente compartiese sus fotos de disfraces, ya que no pude ir. Gracias a Amanda, Adela, Juan Manuel, Marisa, Manuela, Jorge y todos aquellos que siempre est\u00e1n ah\u00ed con generosidad y paciencia infinita.<\/p>\n","protected":false},"author":1,"featured_media":4666,"comment_status":"closed","ping_status":"closed","sticky":false,"template":"","format":"standard","meta":{"_crdt_document":"","ngg_post_thumbnail":0,"footnotes":""},"categories":[6],"tags":[125,64,113],"class_list":["post-4663","post","type-post","status-publish","format-standard","has-post-thumbnail","hentry","category-fotografias","tag-125","tag-carnaval","tag-fiestas"],"_links":{"self":[{"href":"https:\/\/torrequebradilla.com\/blog\/index.php?rest_route=\/wp\/v2\/posts\/4663","targetHints":{"allow":["GET"]}}],"collection":[{"href":"https:\/\/torrequebradilla.com\/blog\/index.php?rest_route=\/wp\/v2\/posts"}],"about":[{"href":"https:\/\/torrequebradilla.com\/blog\/index.php?rest_route=\/wp\/v2\/types\/post"}],"author":[{"embeddable":true,"href":"https:\/\/torrequebradilla.com\/blog\/index.php?rest_route=\/wp\/v2\/users\/1"}],"replies":[{"embeddable":true,"href":"https:\/\/torrequebradilla.com\/blog\/index.php?rest_route=%2Fwp%2Fv2%2Fcomments&post=4663"}],"version-history":[{"count":1,"href":"https:\/\/torrequebradilla.com\/blog\/index.php?rest_route=\/wp\/v2\/posts\/4663\/revisions"}],"predecessor-version":[{"id":4667,"href":"https:\/\/torrequebradilla.com\/blog\/index.php?rest_route=\/wp\/v2\/posts\/4663\/revisions\/4667"}],"wp:featuredmedia":[{"embeddable":true,"href":"https:\/\/torrequebradilla.com\/blog\/index.php?rest_route=\/wp\/v2\/media\/4666"}],"wp:attachment":[{"href":"https:\/\/torrequebradilla.com\/blog\/index.php?rest_route=%2Fwp%2Fv2%2Fmedia&parent=4663"}],"wp:term":[{"taxonomy":"category","embeddable":true,"href":"https:\/\/torrequebradilla.com\/blog\/index.php?rest_route=%2Fwp%2Fv2%2Fcategories&post=4663"},{"taxonomy":"post_tag","embeddable":true,"href":"https:\/\/torrequebradilla.com\/blog\/index.php?rest_route=%2Fwp%2Fv2%2Ftags&post=4663"}],"curies":[{"name":"wp","href":"https:\/\/api.w.org\/{rel}","templated":true}]}}