{"id":3891,"date":"2015-05-02T04:33:01","date_gmt":"2015-05-02T02:33:01","guid":{"rendered":"http:\/\/torrequebradilla.com\/blog\/?p=3891"},"modified":"2015-09-26T00:13:03","modified_gmt":"2015-09-25T22:13:03","slug":"san-marcos-2015-dia-25-sabado","status":"publish","type":"post","link":"https:\/\/torrequebradilla.com\/blog\/?p=3891","title":{"rendered":"San Marcos 2015: D\u00eda 25 (s\u00e1bado)"},"content":{"rendered":"<div id=\"fb-root\"><\/div>\n<p><strong>200\u00a0<\/strong>fotograf\u00edas del s\u00e1bado, durante la procesi\u00f3n, homenaje rocieros, platos t\u00edpicos, juegos infantiles y baile en la noche\u00a0.<\/p>\nngg_shortcode_0_placeholder\n","protected":false},"excerpt":{"rendered":"<p>200\u00a0fotograf\u00edas del s\u00e1bado, durante la procesi\u00f3n, homenaje rocieros, platos t\u00edpicos, juegos infantiles y baile en la noche\u00a0.<\/p>\n","protected":false},"author":1,"featured_media":4210,"comment_status":"closed","ping_status":"closed","sticky":false,"template":"","format":"standard","meta":{"_crdt_document":"","ngg_post_thumbnail":0,"footnotes":""},"categories":[6],"tags":[107,113,14],"class_list":["post-3891","post","type-post","status-publish","format-standard","has-post-thumbnail","hentry","category-fotografias","tag-107","tag-fiestas","tag-san-marcos"],"_links":{"self":[{"href":"https:\/\/torrequebradilla.com\/blog\/index.php?rest_route=\/wp\/v2\/posts\/3891","targetHints":{"allow":["GET"]}}],"collection":[{"href":"https:\/\/torrequebradilla.com\/blog\/index.php?rest_route=\/wp\/v2\/posts"}],"about":[{"href":"https:\/\/torrequebradilla.com\/blog\/index.php?rest_route=\/wp\/v2\/types\/post"}],"author":[{"embeddable":true,"href":"https:\/\/torrequebradilla.com\/blog\/index.php?rest_route=\/wp\/v2\/users\/1"}],"replies":[{"embeddable":true,"href":"https:\/\/torrequebradilla.com\/blog\/index.php?rest_route=%2Fwp%2Fv2%2Fcomments&post=3891"}],"version-history":[{"count":0,"href":"https:\/\/torrequebradilla.com\/blog\/index.php?rest_route=\/wp\/v2\/posts\/3891\/revisions"}],"wp:featuredmedia":[{"embeddable":true,"href":"https:\/\/torrequebradilla.com\/blog\/index.php?rest_route=\/wp\/v2\/media\/4210"}],"wp:attachment":[{"href":"https:\/\/torrequebradilla.com\/blog\/index.php?rest_route=%2Fwp%2Fv2%2Fmedia&parent=3891"}],"wp:term":[{"taxonomy":"category","embeddable":true,"href":"https:\/\/torrequebradilla.com\/blog\/index.php?rest_route=%2Fwp%2Fv2%2Fcategories&post=3891"},{"taxonomy":"post_tag","embeddable":true,"href":"https:\/\/torrequebradilla.com\/blog\/index.php?rest_route=%2Fwp%2Fv2%2Ftags&post=3891"}],"curies":[{"name":"wp","href":"https:\/\/api.w.org\/{rel}","templated":true}]}}