{"id":245,"date":"2010-02-12T22:12:10","date_gmt":"2010-02-12T21:12:10","guid":{"rendered":"http:\/\/torrequebradilla.com\/blog\/?p=245"},"modified":"2015-09-26T00:36:43","modified_gmt":"2015-09-25T22:36:43","slug":"san-anton-2010","status":"publish","type":"post","link":"https:\/\/torrequebradilla.com\/blog\/?p=245","title":{"rendered":"San Ant\u00f3n 2010"},"content":{"rendered":"<div id=\"fb-root\"><\/div>\n<p style=\"text-align: left;\">32 fograf\u00edas de las lumbres de <strong>San Ant\u00f3n<\/strong> en la plaza de Andaluc\u00eda.<\/p>\n<p><!--more--><\/p>\n<p style=\"text-align: center;\">ngg_shortcode_0_placeholder<\/p>\n","protected":false},"excerpt":{"rendered":"<p>32 fograf\u00edas de las lumbres de San Ant\u00f3n en la plaza de Andaluc\u00eda.<\/p>\n","protected":false},"author":1,"featured_media":4221,"comment_status":"closed","ping_status":"closed","sticky":false,"template":"","format":"standard","meta":{"_crdt_document":"","ngg_post_thumbnail":0,"footnotes":""},"categories":[6],"tags":[115,113,114],"class_list":["post-245","post","type-post","status-publish","format-standard","has-post-thumbnail","hentry","category-fotografias","tag-115","tag-fiestas","tag-san-anton"],"_links":{"self":[{"href":"https:\/\/torrequebradilla.com\/blog\/index.php?rest_route=\/wp\/v2\/posts\/245","targetHints":{"allow":["GET"]}}],"collection":[{"href":"https:\/\/torrequebradilla.com\/blog\/index.php?rest_route=\/wp\/v2\/posts"}],"about":[{"href":"https:\/\/torrequebradilla.com\/blog\/index.php?rest_route=\/wp\/v2\/types\/post"}],"author":[{"embeddable":true,"href":"https:\/\/torrequebradilla.com\/blog\/index.php?rest_route=\/wp\/v2\/users\/1"}],"replies":[{"embeddable":true,"href":"https:\/\/torrequebradilla.com\/blog\/index.php?rest_route=%2Fwp%2Fv2%2Fcomments&post=245"}],"version-history":[{"count":0,"href":"https:\/\/torrequebradilla.com\/blog\/index.php?rest_route=\/wp\/v2\/posts\/245\/revisions"}],"wp:featuredmedia":[{"embeddable":true,"href":"https:\/\/torrequebradilla.com\/blog\/index.php?rest_route=\/wp\/v2\/media\/4221"}],"wp:attachment":[{"href":"https:\/\/torrequebradilla.com\/blog\/index.php?rest_route=%2Fwp%2Fv2%2Fmedia&parent=245"}],"wp:term":[{"taxonomy":"category","embeddable":true,"href":"https:\/\/torrequebradilla.com\/blog\/index.php?rest_route=%2Fwp%2Fv2%2Fcategories&post=245"},{"taxonomy":"post_tag","embeddable":true,"href":"https:\/\/torrequebradilla.com\/blog\/index.php?rest_route=%2Fwp%2Fv2%2Ftags&post=245"}],"curies":[{"name":"wp","href":"https:\/\/api.w.org\/{rel}","templated":true}]}}