{"id":16556,"date":"2025-12-23T21:53:30","date_gmt":"2025-12-23T20:53:30","guid":{"rendered":"https:\/\/torrequebradilla.com\/blog\/?p=16556"},"modified":"2025-12-23T21:58:04","modified_gmt":"2025-12-23T20:58:04","slug":"proyeccion-andres-de-vandelvira-por-zangano-pictures","status":"publish","type":"post","link":"https:\/\/torrequebradilla.com\/blog\/?p=16556","title":{"rendered":"Proyecci\u00f3n Andr\u00e9s de Vandelvira por Z\u00e1ngano Pictures"},"content":{"rendered":"<div id=\"fb-root\"><\/div>\n\n<p class=\"wp-block-paragraph\">Fotograf\u00edas y v\u00eddeo de Manuel Cazorla durante la presentaci\u00f3n de la exposici\u00f3n de Andr\u00e9s de Vandelvira en el Metaverso. V\u00eddeo inmersivo 360\u00ba a cargo de Z\u00e1ngano Picture en Torrequebradilla. (21.12.2025)<\/p>\n\n\nngg_shortcode_0_placeholder\n\n\n\n<figure class=\"wp-block-embed is-type-video is-provider-youtube wp-block-embed-youtube wp-embed-aspect-16-9 wp-has-aspect-ratio\"><div class=\"wp-block-embed__wrapper\">\n<iframe loading=\"lazy\" title=\"Andr\u00e9s de Vandelvira en el Metaverso\" width=\"640\" height=\"360\" src=\"https:\/\/www.youtube.com\/embed\/3u0X2yOYl0k?feature=oembed\" frameborder=\"0\" allow=\"accelerometer; autoplay; clipboard-write; encrypted-media; gyroscope; picture-in-picture; web-share\" referrerpolicy=\"strict-origin-when-cross-origin\" allowfullscreen><\/iframe>\n<\/div><\/figure>\n","protected":false},"excerpt":{"rendered":"<p>Fotograf\u00edas y v\u00eddeo de Manuel Cazorla durante la presentaci\u00f3n de la exposici\u00f3n de Andr\u00e9s de Vandelvira en el Metaverso. V\u00eddeo inmersivo 360\u00ba a cargo de Z\u00e1ngano Picture en Torrequebradilla. (21.12.2025)<\/p>\n","protected":false},"author":1,"featured_media":16563,"comment_status":"closed","ping_status":"closed","sticky":false,"template":"","format":"standard","meta":{"_crdt_document":"","ngg_post_thumbnail":0,"footnotes":""},"categories":[6,3],"tags":[337,215,370,369],"class_list":["post-16556","post","type-post","status-publish","format-standard","has-post-thumbnail","hentry","category-fotografias","category-videos","tag-337","tag-manuel-cazorla","tag-vandelvira","tag-zangano-pictures"],"_links":{"self":[{"href":"https:\/\/torrequebradilla.com\/blog\/index.php?rest_route=\/wp\/v2\/posts\/16556","targetHints":{"allow":["GET"]}}],"collection":[{"href":"https:\/\/torrequebradilla.com\/blog\/index.php?rest_route=\/wp\/v2\/posts"}],"about":[{"href":"https:\/\/torrequebradilla.com\/blog\/index.php?rest_route=\/wp\/v2\/types\/post"}],"author":[{"embeddable":true,"href":"https:\/\/torrequebradilla.com\/blog\/index.php?rest_route=\/wp\/v2\/users\/1"}],"replies":[{"embeddable":true,"href":"https:\/\/torrequebradilla.com\/blog\/index.php?rest_route=%2Fwp%2Fv2%2Fcomments&post=16556"}],"version-history":[{"count":2,"href":"https:\/\/torrequebradilla.com\/blog\/index.php?rest_route=\/wp\/v2\/posts\/16556\/revisions"}],"predecessor-version":[{"id":16565,"href":"https:\/\/torrequebradilla.com\/blog\/index.php?rest_route=\/wp\/v2\/posts\/16556\/revisions\/16565"}],"wp:featuredmedia":[{"embeddable":true,"href":"https:\/\/torrequebradilla.com\/blog\/index.php?rest_route=\/wp\/v2\/media\/16563"}],"wp:attachment":[{"href":"https:\/\/torrequebradilla.com\/blog\/index.php?rest_route=%2Fwp%2Fv2%2Fmedia&parent=16556"}],"wp:term":[{"taxonomy":"category","embeddable":true,"href":"https:\/\/torrequebradilla.com\/blog\/index.php?rest_route=%2Fwp%2Fv2%2Fcategories&post=16556"},{"taxonomy":"post_tag","embeddable":true,"href":"https:\/\/torrequebradilla.com\/blog\/index.php?rest_route=%2Fwp%2Fv2%2Ftags&post=16556"}],"curies":[{"name":"wp","href":"https:\/\/api.w.org\/{rel}","templated":true}]}}