{"id":16478,"date":"2025-11-22T21:59:16","date_gmt":"2025-11-22T20:59:16","guid":{"rendered":"https:\/\/torrequebradilla.com\/blog\/?p=16478"},"modified":"2025-11-22T21:59:18","modified_gmt":"2025-11-22T20:59:18","slug":"mapa-reino-de-jaen-en-1588","status":"publish","type":"post","link":"https:\/\/torrequebradilla.com\/blog\/?p=16478","title":{"rendered":"Mapa Reino de Ja\u00e9n en 1588"},"content":{"rendered":"<div id=\"fb-root\"><\/div>\n\n<figure class=\"wp-block-image size-large\"><img decoding=\"async\" src=\"https:\/\/torrequebradilla.com\/imagenes\/mapas\/mapa.torrequebradilla-1588.jpg\" alt=\"\"\/><\/figure>\n\n\n\n<p class=\"wp-block-paragraph\">Descripci\u00f3n del Reino de Ja\u00e9n ordenada por el Dotor Gaspar Salzedo de Aguirre\u2026 dibujada por Juan Domenico de Villarroel, cosm\u00f3grafo del rey Felipe II (1588)<\/p>\n\n\n\n<p class=\"wp-block-paragraph\"><a href=\"https:\/\/www.facebook.com\/groups\/273290394976401\/?__cft__[0]=AZVNqdKMvhNHWXqmzH_Vx0PgT_ZJx6PLPL9Ih6n_MK7I2xM2sKawZCFS1eM6mN9wiJHPFOt62f6zy4NjLQr7vwUYhGh61ymwzP77MiZDY6z6vwJCy6CB-KFj-VjJa2rJjS57uUklc-Vzk8byvpBbsoS4&amp;__tn__=-UC%2CP-R\">Grupo de Facebook BAIL\u00c9N HIST\u00d3RICO<\/a><\/p>\n\n\n\n<p class=\"wp-block-paragraph\">Compartido por <strong>Blas Delgado<\/strong><\/p>\n","protected":false},"excerpt":{"rendered":"<p>Descripci\u00f3n del Reino de Ja\u00e9n ordenada por el Dotor Gaspar Salzedo de Aguirre\u2026 dibujada por Juan Domenico de Villarroel, cosm\u00f3grafo del rey Felipe II (1588) Grupo de Facebook BAIL\u00c9N HIST\u00d3RICO Compartido por Blas Delgado<\/p>\n","protected":false},"author":1,"featured_media":16479,"comment_status":"closed","ping_status":"closed","sticky":false,"template":"","format":"standard","meta":{"_crdt_document":"","ngg_post_thumbnail":0,"footnotes":""},"categories":[1],"tags":[364,365,54],"class_list":["post-16478","post","type-post","status-publish","format-standard","has-post-thumbnail","hentry","category-historia","tag-364","tag-blas-delgado","tag-mapas"],"_links":{"self":[{"href":"https:\/\/torrequebradilla.com\/blog\/index.php?rest_route=\/wp\/v2\/posts\/16478","targetHints":{"allow":["GET"]}}],"collection":[{"href":"https:\/\/torrequebradilla.com\/blog\/index.php?rest_route=\/wp\/v2\/posts"}],"about":[{"href":"https:\/\/torrequebradilla.com\/blog\/index.php?rest_route=\/wp\/v2\/types\/post"}],"author":[{"embeddable":true,"href":"https:\/\/torrequebradilla.com\/blog\/index.php?rest_route=\/wp\/v2\/users\/1"}],"replies":[{"embeddable":true,"href":"https:\/\/torrequebradilla.com\/blog\/index.php?rest_route=%2Fwp%2Fv2%2Fcomments&post=16478"}],"version-history":[{"count":1,"href":"https:\/\/torrequebradilla.com\/blog\/index.php?rest_route=\/wp\/v2\/posts\/16478\/revisions"}],"predecessor-version":[{"id":16480,"href":"https:\/\/torrequebradilla.com\/blog\/index.php?rest_route=\/wp\/v2\/posts\/16478\/revisions\/16480"}],"wp:featuredmedia":[{"embeddable":true,"href":"https:\/\/torrequebradilla.com\/blog\/index.php?rest_route=\/wp\/v2\/media\/16479"}],"wp:attachment":[{"href":"https:\/\/torrequebradilla.com\/blog\/index.php?rest_route=%2Fwp%2Fv2%2Fmedia&parent=16478"}],"wp:term":[{"taxonomy":"category","embeddable":true,"href":"https:\/\/torrequebradilla.com\/blog\/index.php?rest_route=%2Fwp%2Fv2%2Fcategories&post=16478"},{"taxonomy":"post_tag","embeddable":true,"href":"https:\/\/torrequebradilla.com\/blog\/index.php?rest_route=%2Fwp%2Fv2%2Ftags&post=16478"}],"curies":[{"name":"wp","href":"https:\/\/api.w.org\/{rel}","templated":true}]}}