{"id":16468,"date":"2025-11-12T23:05:27","date_gmt":"2025-11-12T22:05:27","guid":{"rendered":"https:\/\/torrequebradilla.com\/blog\/?p=16468"},"modified":"2025-11-12T23:11:53","modified_gmt":"2025-11-12T22:11:53","slug":"plano-topografico-de-torrequebradilla-de-1891","status":"publish","type":"post","link":"https:\/\/torrequebradilla.com\/blog\/?p=16468","title":{"rendered":"Plano topogr\u00e1fico de Torrequebradilla de 1891"},"content":{"rendered":"<div id=\"fb-root\"><\/div>\n\n<figure class=\"wp-block-image size-full\"><img loading=\"lazy\" decoding=\"async\" width=\"1476\" height=\"1238\" src=\"https:\/\/torrequebradilla.com\/blog\/wp-content\/uploads\/230727-min.jpg\" alt=\"\" class=\"wp-image-16472\" srcset=\"https:\/\/torrequebradilla.com\/blog\/wp-content\/uploads\/230727-min.jpg 1476w, https:\/\/torrequebradilla.com\/blog\/wp-content\/uploads\/230727-min-300x252.jpg 300w, https:\/\/torrequebradilla.com\/blog\/wp-content\/uploads\/230727-min-500x419.jpg 500w, https:\/\/torrequebradilla.com\/blog\/wp-content\/uploads\/230727-min-750x629.jpg 750w\" sizes=\"auto, (max-width: 1476px) 100vw, 1476px\" \/><\/figure>\n\n\n\n<figure class=\"wp-block-image size-full\"><img loading=\"lazy\" decoding=\"async\" width=\"2560\" height=\"1875\" src=\"https:\/\/torrequebradilla.com\/blog\/wp-content\/uploads\/230727-scaled.jpg\" alt=\"\" class=\"wp-image-16470\" srcset=\"https:\/\/torrequebradilla.com\/blog\/wp-content\/uploads\/230727-scaled.jpg 2560w, https:\/\/torrequebradilla.com\/blog\/wp-content\/uploads\/230727-300x220.jpg 300w, https:\/\/torrequebradilla.com\/blog\/wp-content\/uploads\/230727-500x366.jpg 500w, https:\/\/torrequebradilla.com\/blog\/wp-content\/uploads\/230727-1536x1125.jpg 1536w, https:\/\/torrequebradilla.com\/blog\/wp-content\/uploads\/230727-2048x1500.jpg 2048w, https:\/\/torrequebradilla.com\/blog\/wp-content\/uploads\/230727-750x549.jpg 750w\" sizes=\"auto, (max-width: 2560px) 100vw, 2560px\" \/><\/figure>\n\n\n\n<figure class=\"wp-block-image size-full\"><img loading=\"lazy\" decoding=\"async\" width=\"773\" height=\"533\" src=\"https:\/\/torrequebradilla.com\/blog\/wp-content\/uploads\/El-Norte-Andaluz-25-4-1891.jpg\" alt=\"\" class=\"wp-image-16471\" srcset=\"https:\/\/torrequebradilla.com\/blog\/wp-content\/uploads\/El-Norte-Andaluz-25-4-1891.jpg 773w, https:\/\/torrequebradilla.com\/blog\/wp-content\/uploads\/El-Norte-Andaluz-25-4-1891-300x207.jpg 300w, https:\/\/torrequebradilla.com\/blog\/wp-content\/uploads\/El-Norte-Andaluz-25-4-1891-500x345.jpg 500w, https:\/\/torrequebradilla.com\/blog\/wp-content\/uploads\/El-Norte-Andaluz-25-4-1891-750x517.jpg 750w\" sizes=\"auto, (max-width: 773px) 100vw, 773px\" \/><\/figure>\n\n\n\n<p class=\"wp-block-paragraph\">El plano corresponde al Instituto Geogr\u00e1fico y Estad\u00edstico de Espa\u00f1a y fue efectuado el<br>8 de Octubre de 1.891.<br>Previamente el 25 de Abril de 1891, se public\u00f3 en el diario \u201cEl Norte Andaluz\u201d una<br>noticia en que se dec\u00eda que se iban a realizar planos topogr\u00e1ficos por varios pueblos<br>de la provincia, entre ellos estaba Torrequebradilla. Dichos planos, seg\u00fan dec\u00eda la<br>noticia, estar\u00edan realizados por los oficiales y top\u00f3grafos m\u00e1s antiguos del personal.<br>El plano de Torrequebradilla fue realizado por el top\u00f3grafo de 1\u00aa D. Benito S. Tirado el<br>8 de 0ctubre de 1891. Firmando su conformidad el Jefe de la 27 brigada D. Emilio<br>Copons el 20 de noviembre y revisado posteriormente por el Jefe de la Regi\u00f3n<br>Topogr\u00e1fica de Ja\u00e9n D. Ventura (apellido ilegible) y aprobado y firmado por el Director<br>General.<br>En el plano pueden observarse varios puntos numerados y l\u00edneas discontinuas que<br>unen los citados puntos. Hay marcados 34 puntos. Cada punto representan los lugares<br>donde el top\u00f3grafo hab\u00eda colocado su instrumento de medici\u00f3n y que suele ser el nivel<br>y as\u00ed se marcaban los segmentos topogr\u00e1ficos de cada \u201cmanzana\u201d existentes en el<br>casco urbano. Estos puntos se llamaban \u201cEstaciones\u201d.<br>Las l\u00edneas punteadas, llamadas segmentos, significaban el trayecto que se hab\u00eda<br>seguido para la medici\u00f3n entre los puntos o estaciones. El plano est\u00e1 realizado a una<br>escala de 1\/2000. \u00bfQu\u00e9 significa esto?, pues que 1 cm en el mapa, sobre el papel,<br>equivale a 2.000cm reales, es decir, 20 metros.<br>Con este dato podemos hacernos una idea de cu\u00e1nto podr\u00eda medir la distancia entre<br>los distintos puntos del plano.<\/p>\n\n\n\n<p class=\"wp-block-paragraph\">El plano ha sido facilitado por el CNIG Centro Nacional de Informaci\u00f3n Geogr\u00e1fica,<br>dependiente del Ministerio de Transportes y Movilidad Sostenible.<\/p>\n\n\n\n<p class=\"wp-block-paragraph\"><strong>Jes\u00fas Ib\u00e1\u00f1ez Mu\u00f1oz<\/strong><\/p>\n","protected":false},"excerpt":{"rendered":"<p>El plano corresponde al Instituto Geogr\u00e1fico y Estad\u00edstico de Espa\u00f1a y fue efectuado el8 de Octubre de 1.891.Previamente el 25 de Abril de 1891, se public\u00f3 en el diario \u201cEl Norte Andaluz\u201d unanoticia en que se dec\u00eda que se iban a realizar planos topogr\u00e1ficos por varios pueblosde la provincia, entre ellos estaba Torrequebradilla. Dichos planos, [&hellip;]<\/p>\n","protected":false},"author":1,"featured_media":16472,"comment_status":"closed","ping_status":"closed","sticky":false,"template":"","format":"standard","meta":{"_crdt_document":"","ngg_post_thumbnail":0,"footnotes":""},"categories":[1],"tags":[360,362,363,54],"class_list":["post-16468","post","type-post","status-publish","format-standard","has-post-thumbnail","hentry","category-historia","tag-360","tag-centro-nacional-de-informacion-greografica","tag-jesus-ibanez-munoz","tag-mapas"],"_links":{"self":[{"href":"https:\/\/torrequebradilla.com\/blog\/index.php?rest_route=\/wp\/v2\/posts\/16468","targetHints":{"allow":["GET"]}}],"collection":[{"href":"https:\/\/torrequebradilla.com\/blog\/index.php?rest_route=\/wp\/v2\/posts"}],"about":[{"href":"https:\/\/torrequebradilla.com\/blog\/index.php?rest_route=\/wp\/v2\/types\/post"}],"author":[{"embeddable":true,"href":"https:\/\/torrequebradilla.com\/blog\/index.php?rest_route=\/wp\/v2\/users\/1"}],"replies":[{"embeddable":true,"href":"https:\/\/torrequebradilla.com\/blog\/index.php?rest_route=%2Fwp%2Fv2%2Fcomments&post=16468"}],"version-history":[{"count":2,"href":"https:\/\/torrequebradilla.com\/blog\/index.php?rest_route=\/wp\/v2\/posts\/16468\/revisions"}],"predecessor-version":[{"id":16474,"href":"https:\/\/torrequebradilla.com\/blog\/index.php?rest_route=\/wp\/v2\/posts\/16468\/revisions\/16474"}],"wp:featuredmedia":[{"embeddable":true,"href":"https:\/\/torrequebradilla.com\/blog\/index.php?rest_route=\/wp\/v2\/media\/16472"}],"wp:attachment":[{"href":"https:\/\/torrequebradilla.com\/blog\/index.php?rest_route=%2Fwp%2Fv2%2Fmedia&parent=16468"}],"wp:term":[{"taxonomy":"category","embeddable":true,"href":"https:\/\/torrequebradilla.com\/blog\/index.php?rest_route=%2Fwp%2Fv2%2Fcategories&post=16468"},{"taxonomy":"post_tag","embeddable":true,"href":"https:\/\/torrequebradilla.com\/blog\/index.php?rest_route=%2Fwp%2Fv2%2Ftags&post=16468"}],"curies":[{"name":"wp","href":"https:\/\/api.w.org\/{rel}","templated":true}]}}