{"id":16455,"date":"2025-11-12T22:35:29","date_gmt":"2025-11-12T21:35:29","guid":{"rendered":"https:\/\/torrequebradilla.com\/blog\/?p=16455"},"modified":"2025-11-12T23:13:34","modified_gmt":"2025-11-12T22:13:34","slug":"mapa-manuscrito-representando-la-altimetria-de-torrequebradilla-en-1891","status":"publish","type":"post","link":"https:\/\/torrequebradilla.com\/blog\/?p=16455","title":{"rendered":"Mapa manuscrito representando la altimetr\u00eda de Torrequebradilla en 1891"},"content":{"rendered":"<div id=\"fb-root\"><\/div>\n\n<figure class=\"wp-block-image size-full\"><img loading=\"lazy\" decoding=\"async\" width=\"1665\" height=\"1122\" src=\"https:\/\/torrequebradilla.com\/blog\/wp-content\/uploads\/mapa.alturas-1891-min.jpg\" alt=\"\" class=\"wp-image-16461\" srcset=\"https:\/\/torrequebradilla.com\/blog\/wp-content\/uploads\/mapa.alturas-1891-min.jpg 1665w, https:\/\/torrequebradilla.com\/blog\/wp-content\/uploads\/mapa.alturas-1891-min-300x202.jpg 300w, https:\/\/torrequebradilla.com\/blog\/wp-content\/uploads\/mapa.alturas-1891-min-500x337.jpg 500w, https:\/\/torrequebradilla.com\/blog\/wp-content\/uploads\/mapa.alturas-1891-min-1536x1035.jpg 1536w, https:\/\/torrequebradilla.com\/blog\/wp-content\/uploads\/mapa.alturas-1891-min-750x505.jpg 750w\" sizes=\"auto, (max-width: 1665px) 100vw, 1665px\" \/><\/figure>\n\n\n\n<figure class=\"wp-block-image size-large\"><img decoding=\"async\" src=\"https:\/\/torrequebradilla.com\/imagenes\/mapas\/230506.jpg\" alt=\"\"\/><\/figure>\n\n\n\n<p class=\"wp-block-paragraph\">Trabajos topogr\u00e1ficos \/ Direcci\u00f3n General del Instituto Geogr\u00e1fico y Estad\u00edstico.<\/p>\n\n\n\n<p class=\"wp-block-paragraph\">Direcci\u00f3n General del Instituto Geogr\u00e1fico y Estad\u00edstico, 1891.<\/p>\n\n\n\n<p class=\"wp-block-paragraph\">Descripci\u00f3n f\u00edsica: 1 mapa : color ; 55 X 77 cm.<\/p>\n\n\n\n<p class=\"wp-block-paragraph\">Nota general:<\/p>\n\n\n\n<p class=\"wp-block-paragraph\">Mapa manuscrito representando la altimetr\u00eda del terreno mediante curvas de nivel, previo a la realizaci\u00f3n de la primera edici\u00f3n del Mapa Topogr\u00e1fico Nacional 1:50.000. Sus mediciones est\u00e1n recogidas en los cuadernos de campo conservados en el Archivo Topogr\u00e1fico del IGN.<\/p>\n\n\n\n<p class=\"wp-block-paragraph\">Espa\u00f1a. Direcci\u00f3n General del Instituto Geogr\u00e1fico y Estad\u00edstico.<\/p>\n\n\n\n<p class=\"wp-block-paragraph\">Signatura: 04A17-N0230506<\/p>\n\n\n\n<p class=\"wp-block-paragraph\">Permalink:<\/p>\n\n\n\n<p class=\"wp-block-paragraph\"><a href=\"http:\/\/www.ign.es\/web\/biblioteca_cartoteca\/abnetcl.cgi?TITN=57829\">http:\/\/www.ign.es\/web\/biblioteca_cartoteca\/abnetcl.cgi?TITN=57829<\/a><\/p>\n","protected":false},"excerpt":{"rendered":"<p>Trabajos topogr\u00e1ficos \/ Direcci\u00f3n General del Instituto Geogr\u00e1fico y Estad\u00edstico. Direcci\u00f3n General del Instituto Geogr\u00e1fico y Estad\u00edstico, 1891. Descripci\u00f3n f\u00edsica: 1 mapa : color ; 55 X 77 cm. Nota general: Mapa manuscrito representando la altimetr\u00eda del terreno mediante curvas de nivel, previo a la realizaci\u00f3n de la primera edici\u00f3n del Mapa Topogr\u00e1fico Nacional 1:50.000. [&hellip;]<\/p>\n","protected":false},"author":1,"featured_media":16461,"comment_status":"closed","ping_status":"closed","sticky":false,"template":"","format":"standard","meta":{"_crdt_document":"","ngg_post_thumbnail":0,"footnotes":""},"categories":[1],"tags":[360,361,54],"class_list":["post-16455","post","type-post","status-publish","format-standard","has-post-thumbnail","hentry","category-historia","tag-360","tag-instituto-geografico-nacional","tag-mapas"],"_links":{"self":[{"href":"https:\/\/torrequebradilla.com\/blog\/index.php?rest_route=\/wp\/v2\/posts\/16455","targetHints":{"allow":["GET"]}}],"collection":[{"href":"https:\/\/torrequebradilla.com\/blog\/index.php?rest_route=\/wp\/v2\/posts"}],"about":[{"href":"https:\/\/torrequebradilla.com\/blog\/index.php?rest_route=\/wp\/v2\/types\/post"}],"author":[{"embeddable":true,"href":"https:\/\/torrequebradilla.com\/blog\/index.php?rest_route=\/wp\/v2\/users\/1"}],"replies":[{"embeddable":true,"href":"https:\/\/torrequebradilla.com\/blog\/index.php?rest_route=%2Fwp%2Fv2%2Fcomments&post=16455"}],"version-history":[{"count":4,"href":"https:\/\/torrequebradilla.com\/blog\/index.php?rest_route=\/wp\/v2\/posts\/16455\/revisions"}],"predecessor-version":[{"id":16475,"href":"https:\/\/torrequebradilla.com\/blog\/index.php?rest_route=\/wp\/v2\/posts\/16455\/revisions\/16475"}],"wp:featuredmedia":[{"embeddable":true,"href":"https:\/\/torrequebradilla.com\/blog\/index.php?rest_route=\/wp\/v2\/media\/16461"}],"wp:attachment":[{"href":"https:\/\/torrequebradilla.com\/blog\/index.php?rest_route=%2Fwp%2Fv2%2Fmedia&parent=16455"}],"wp:term":[{"taxonomy":"category","embeddable":true,"href":"https:\/\/torrequebradilla.com\/blog\/index.php?rest_route=%2Fwp%2Fv2%2Fcategories&post=16455"},{"taxonomy":"post_tag","embeddable":true,"href":"https:\/\/torrequebradilla.com\/blog\/index.php?rest_route=%2Fwp%2Fv2%2Ftags&post=16455"}],"curies":[{"name":"wp","href":"https:\/\/api.w.org\/{rel}","templated":true}]}}