{"id":15711,"date":"2023-05-06T09:35:42","date_gmt":"2023-05-06T07:35:42","guid":{"rendered":"https:\/\/torrequebradilla.com\/blog\/?p=15711"},"modified":"2023-05-06T09:42:56","modified_gmt":"2023-05-06T07:42:56","slug":"trans-espana-2023-cartel","status":"publish","type":"post","link":"https:\/\/torrequebradilla.com\/blog\/?p=15711","title":{"rendered":"Trans Espa\u00f1a 2023: cartel"},"content":{"rendered":"<div id=\"fb-root\"><\/div>\n\n<figure class=\"wp-block-image size-full\"><a href=\"https:\/\/trans-espana.jimdofree.com\/\"><img loading=\"lazy\" decoding=\"async\" width=\"1000\" height=\"563\" src=\"https:\/\/torrequebradilla.com\/blog\/wp-content\/uploads\/2023.05.06-transespana-cartel.jpg\" alt=\"\" class=\"wp-image-15712\" srcset=\"https:\/\/torrequebradilla.com\/blog\/wp-content\/uploads\/2023.05.06-transespana-cartel.jpg 1000w, https:\/\/torrequebradilla.com\/blog\/wp-content\/uploads\/2023.05.06-transespana-cartel-300x169.jpg 300w, https:\/\/torrequebradilla.com\/blog\/wp-content\/uploads\/2023.05.06-transespana-cartel-500x282.jpg 500w, https:\/\/torrequebradilla.com\/blog\/wp-content\/uploads\/2023.05.06-transespana-cartel-750x422.jpg 750w\" sizes=\"auto, (max-width: 1000px) 100vw, 1000px\" \/><\/a><\/figure>\n\n\n\n<p class=\"wp-block-paragraph\">La TransEspa\u00f1a es una carrera por etapas (18) de 18 Dias con una distancia de 1070 km.<\/p>\n\n\n\n<p class=\"wp-block-paragraph\">La salida se hace en Urdos (pireneos franceses). Despu\u00e9s de15 km (paso de somport) el recorrido llega a Espa\u00f1a para atravesar Arag\u00f3n, Castilla y Mancha y terminar en M\u00e1laga (Andalusia).<\/p>\n\n\n\n<figure class=\"wp-block-image size-full\"><a href=\"https:\/\/trans-espana.jimdofree.com\/\"><img loading=\"lazy\" decoding=\"async\" width=\"642\" height=\"568\" src=\"https:\/\/torrequebradilla.com\/blog\/wp-content\/uploads\/2023.05.06-trans.espana-recorrido.jpg\" alt=\"\" class=\"wp-image-15713\" srcset=\"https:\/\/torrequebradilla.com\/blog\/wp-content\/uploads\/2023.05.06-trans.espana-recorrido.jpg 642w, https:\/\/torrequebradilla.com\/blog\/wp-content\/uploads\/2023.05.06-trans.espana-recorrido-300x265.jpg 300w, https:\/\/torrequebradilla.com\/blog\/wp-content\/uploads\/2023.05.06-trans.espana-recorrido-500x442.jpg 500w\" sizes=\"auto, (max-width: 642px) 100vw, 642px\" \/><\/a><\/figure>\n\n\n\n<p class=\"wp-block-paragraph\">Web de organizaci\u00f3n: <a href=\"https:\/\/trans-espana.jimdofree.com\/\">https:\/\/trans-espana.jimdofree.com\/<\/a><\/p>\n","protected":false},"excerpt":{"rendered":"<p>La TransEspa\u00f1a es una carrera por etapas (18) de 18 Dias con una distancia de 1070 km. La salida se hace en Urdos (pireneos franceses). Despu\u00e9s de15 km (paso de somport) el recorrido llega a Espa\u00f1a para atravesar Arag\u00f3n, Castilla y Mancha y terminar en M\u00e1laga (Andalusia). Web de organizaci\u00f3n: https:\/\/trans-espana.jimdofree.com\/<\/p>\n","protected":false},"author":1,"featured_media":15712,"comment_status":"closed","ping_status":"closed","sticky":false,"template":"","format":"standard","meta":{"_crdt_document":"","ngg_post_thumbnail":0,"footnotes":""},"categories":[10],"tags":[289,126,280],"class_list":["post-15711","post","type-post","status-publish","format-standard","has-post-thumbnail","hentry","category-publicaciones","tag-289","tag-cartel","tag-trans-espana"],"_links":{"self":[{"href":"https:\/\/torrequebradilla.com\/blog\/index.php?rest_route=\/wp\/v2\/posts\/15711","targetHints":{"allow":["GET"]}}],"collection":[{"href":"https:\/\/torrequebradilla.com\/blog\/index.php?rest_route=\/wp\/v2\/posts"}],"about":[{"href":"https:\/\/torrequebradilla.com\/blog\/index.php?rest_route=\/wp\/v2\/types\/post"}],"author":[{"embeddable":true,"href":"https:\/\/torrequebradilla.com\/blog\/index.php?rest_route=\/wp\/v2\/users\/1"}],"replies":[{"embeddable":true,"href":"https:\/\/torrequebradilla.com\/blog\/index.php?rest_route=%2Fwp%2Fv2%2Fcomments&post=15711"}],"version-history":[{"count":2,"href":"https:\/\/torrequebradilla.com\/blog\/index.php?rest_route=\/wp\/v2\/posts\/15711\/revisions"}],"predecessor-version":[{"id":15715,"href":"https:\/\/torrequebradilla.com\/blog\/index.php?rest_route=\/wp\/v2\/posts\/15711\/revisions\/15715"}],"wp:featuredmedia":[{"embeddable":true,"href":"https:\/\/torrequebradilla.com\/blog\/index.php?rest_route=\/wp\/v2\/media\/15712"}],"wp:attachment":[{"href":"https:\/\/torrequebradilla.com\/blog\/index.php?rest_route=%2Fwp%2Fv2%2Fmedia&parent=15711"}],"wp:term":[{"taxonomy":"category","embeddable":true,"href":"https:\/\/torrequebradilla.com\/blog\/index.php?rest_route=%2Fwp%2Fv2%2Fcategories&post=15711"},{"taxonomy":"post_tag","embeddable":true,"href":"https:\/\/torrequebradilla.com\/blog\/index.php?rest_route=%2Fwp%2Fv2%2Ftags&post=15711"}],"curies":[{"name":"wp","href":"https:\/\/api.w.org\/{rel}","templated":true}]}}