{"id":14877,"date":"2023-03-26T23:18:21","date_gmt":"2023-03-26T21:18:21","guid":{"rendered":"https:\/\/torrequebradilla.com\/blog\/?p=14877"},"modified":"2023-03-26T23:21:03","modified_gmt":"2023-03-26T21:21:03","slug":"san-marcos-2023-primer-premio-portadas","status":"publish","type":"post","link":"https:\/\/torrequebradilla.com\/blog\/?p=14877","title":{"rendered":"San Marcos 2023: primer premio portadas"},"content":{"rendered":"<div id=\"fb-root\"><\/div>\n\n<p class=\"wp-block-paragraph\">Para ver el resto de portadas y calificaciones <a href=\"https:\/\/asociacion.torrequebradilla.com\/wp\/premiados-concurso-portadas-san-marcos-2023\/\">entrar en la galer\u00eda del concurso<\/a> o entrar en la <a href=\"https:\/\/asociacion.torrequebradilla.com\/wp\/concurso-portadas-san-marcos-2023\/\">p\u00e1gina de la organizaci\u00f3n del concurso<\/a> para consultar las bases, auditor\u00eda de voto, etc. <\/p>\n\n\n\n<figure class=\"wp-block-image size-full\"><img loading=\"lazy\" decoding=\"async\" width=\"707\" height=\"1000\" src=\"https:\/\/torrequebradilla.com\/blog\/wp-content\/uploads\/n-07.jpg\" alt=\"\" class=\"wp-image-14880\" srcset=\"https:\/\/torrequebradilla.com\/blog\/wp-content\/uploads\/n-07.jpg 707w, https:\/\/torrequebradilla.com\/blog\/wp-content\/uploads\/n-07-212x300.jpg 212w, https:\/\/torrequebradilla.com\/blog\/wp-content\/uploads\/n-07-354x500.jpg 354w\" sizes=\"auto, (max-width: 707px) 100vw, 707px\" \/><\/figure>\n\n\nngg_shortcode_0_placeholder\n","protected":false},"excerpt":{"rendered":"<p>Para ver el resto de portadas y calificaciones entrar en la galer\u00eda del concurso o entrar en la p\u00e1gina de la organizaci\u00f3n del concurso para consultar las bases, auditor\u00eda de voto, etc.<\/p>\n","protected":false},"author":1,"featured_media":14880,"comment_status":"closed","ping_status":"closed","sticky":false,"template":"","format":"standard","meta":{"_crdt_document":"","ngg_post_thumbnail":0,"footnotes":""},"categories":[10],"tags":[289,214,216,14],"class_list":["post-14877","post","type-post","status-publish","format-standard","has-post-thumbnail","hentry","category-publicaciones","tag-289","tag-concurso","tag-portada","tag-san-marcos"],"_links":{"self":[{"href":"https:\/\/torrequebradilla.com\/blog\/index.php?rest_route=\/wp\/v2\/posts\/14877","targetHints":{"allow":["GET"]}}],"collection":[{"href":"https:\/\/torrequebradilla.com\/blog\/index.php?rest_route=\/wp\/v2\/posts"}],"about":[{"href":"https:\/\/torrequebradilla.com\/blog\/index.php?rest_route=\/wp\/v2\/types\/post"}],"author":[{"embeddable":true,"href":"https:\/\/torrequebradilla.com\/blog\/index.php?rest_route=\/wp\/v2\/users\/1"}],"replies":[{"embeddable":true,"href":"https:\/\/torrequebradilla.com\/blog\/index.php?rest_route=%2Fwp%2Fv2%2Fcomments&post=14877"}],"version-history":[{"count":2,"href":"https:\/\/torrequebradilla.com\/blog\/index.php?rest_route=\/wp\/v2\/posts\/14877\/revisions"}],"predecessor-version":[{"id":14894,"href":"https:\/\/torrequebradilla.com\/blog\/index.php?rest_route=\/wp\/v2\/posts\/14877\/revisions\/14894"}],"wp:featuredmedia":[{"embeddable":true,"href":"https:\/\/torrequebradilla.com\/blog\/index.php?rest_route=\/wp\/v2\/media\/14880"}],"wp:attachment":[{"href":"https:\/\/torrequebradilla.com\/blog\/index.php?rest_route=%2Fwp%2Fv2%2Fmedia&parent=14877"}],"wp:term":[{"taxonomy":"category","embeddable":true,"href":"https:\/\/torrequebradilla.com\/blog\/index.php?rest_route=%2Fwp%2Fv2%2Fcategories&post=14877"},{"taxonomy":"post_tag","embeddable":true,"href":"https:\/\/torrequebradilla.com\/blog\/index.php?rest_route=%2Fwp%2Fv2%2Ftags&post=14877"}],"curies":[{"name":"wp","href":"https:\/\/api.w.org\/{rel}","templated":true}]}}