{"id":14567,"date":"2022-09-28T21:38:33","date_gmt":"2022-09-28T19:38:33","guid":{"rendered":"https:\/\/torrequebradilla.com\/blog\/?p=14567"},"modified":"2023-05-01T23:58:12","modified_gmt":"2023-05-01T21:58:12","slug":"diario-jaen-retransmision-en-directo-28-09-2022","status":"publish","type":"post","link":"https:\/\/torrequebradilla.com\/blog\/?p=14567","title":{"rendered":"Diario Ja\u00e9n: retransmisi\u00f3n en directo (28.09.2022)"},"content":{"rendered":"<div id=\"fb-root\"><\/div>\n<div class=\"wp-block-image\">\n<figure class=\"aligncenter size-full\"><a href=\"https:\/\/www.diariojaen.es\/\"><img loading=\"lazy\" decoding=\"async\" width=\"300\" height=\"150\" src=\"https:\/\/torrequebradilla.com\/blog\/wp-content\/uploads\/logo.d.jaen-300x150.png\" alt=\"\" class=\"wp-image-7699\"\/><\/a><\/figure>\n<\/div>\n\n\n<p class=\"wp-block-paragraph\">Retransmisi\u00f3n en directo a trav\u00e9s de las redes sociales de <strong>Diario Ja\u00e9n<\/strong> durante el pleno donde se aprueba la donaci\u00f3n de la Casa Palacio y apertura de placa conmemorativa a la familia donante. <\/p>\n\n\n\n<iframe loading=\"lazy\" src=\"https:\/\/www.facebook.com\/plugins\/video.php?height=314&#038;href=https%3A%2F%2Fwww.facebook.com%2Fdiariojaen2%2Fvideos%2F770847724220450%2F&#038;show_text=false&#038;width=560&#038;t=0\" width=\"560\" height=\"314\" style=\"border:none;overflow:hidden\" scrolling=\"no\" frameborder=\"0\" allowfullscreen=\"true\" allow=\"autoplay; clipboard-write; encrypted-media; picture-in-picture; web-share\" allowFullScreen=\"true\"><\/iframe>\n\n\n\n<p class=\"wp-block-paragraph\">Enlace: <a href=\"https:\/\/fb.watch\/fQm6j-eCjj\/\">https:\/\/fb.watch\/fQm6j-eCjj\/<\/a><\/p>\n","protected":false},"excerpt":{"rendered":"<p>Retransmisi\u00f3n en directo a trav\u00e9s de las redes sociales de Diario Ja\u00e9n durante el pleno donde se aprueba la donaci\u00f3n de la Casa Palacio y apertura de placa conmemorativa a la familia donante. Enlace: https:\/\/fb.watch\/fQm6j-eCjj\/<\/p>\n","protected":false},"author":1,"featured_media":14568,"comment_status":"closed","ping_status":"closed","sticky":false,"template":"","format":"standard","meta":{"_crdt_document":"","ngg_post_thumbnail":0,"footnotes":""},"categories":[3],"tags":[268,70,89,66],"class_list":["post-14567","post","type-post","status-publish","format-standard","has-post-thumbnail","hentry","category-videos","tag-268","tag-ayuntamiento","tag-casa-palacio","tag-diariojaen"],"_links":{"self":[{"href":"https:\/\/torrequebradilla.com\/blog\/index.php?rest_route=\/wp\/v2\/posts\/14567","targetHints":{"allow":["GET"]}}],"collection":[{"href":"https:\/\/torrequebradilla.com\/blog\/index.php?rest_route=\/wp\/v2\/posts"}],"about":[{"href":"https:\/\/torrequebradilla.com\/blog\/index.php?rest_route=\/wp\/v2\/types\/post"}],"author":[{"embeddable":true,"href":"https:\/\/torrequebradilla.com\/blog\/index.php?rest_route=\/wp\/v2\/users\/1"}],"replies":[{"embeddable":true,"href":"https:\/\/torrequebradilla.com\/blog\/index.php?rest_route=%2Fwp%2Fv2%2Fcomments&post=14567"}],"version-history":[{"count":2,"href":"https:\/\/torrequebradilla.com\/blog\/index.php?rest_route=\/wp\/v2\/posts\/14567\/revisions"}],"predecessor-version":[{"id":15699,"href":"https:\/\/torrequebradilla.com\/blog\/index.php?rest_route=\/wp\/v2\/posts\/14567\/revisions\/15699"}],"wp:featuredmedia":[{"embeddable":true,"href":"https:\/\/torrequebradilla.com\/blog\/index.php?rest_route=\/wp\/v2\/media\/14568"}],"wp:attachment":[{"href":"https:\/\/torrequebradilla.com\/blog\/index.php?rest_route=%2Fwp%2Fv2%2Fmedia&parent=14567"}],"wp:term":[{"taxonomy":"category","embeddable":true,"href":"https:\/\/torrequebradilla.com\/blog\/index.php?rest_route=%2Fwp%2Fv2%2Fcategories&post=14567"},{"taxonomy":"post_tag","embeddable":true,"href":"https:\/\/torrequebradilla.com\/blog\/index.php?rest_route=%2Fwp%2Fv2%2Ftags&post=14567"}],"curies":[{"name":"wp","href":"https:\/\/api.w.org\/{rel}","templated":true}]}}