{"id":14559,"date":"2022-09-25T00:20:09","date_gmt":"2022-09-24T22:20:09","guid":{"rendered":"https:\/\/torrequebradilla.com\/blog\/?p=14559"},"modified":"2022-09-25T00:20:11","modified_gmt":"2022-09-24T22:20:11","slug":"inauguracion-parque-grupo-rociero-san-marcos-video-16-09-2022","status":"publish","type":"post","link":"https:\/\/torrequebradilla.com\/blog\/?p=14559","title":{"rendered":"Inauguraci\u00f3n parque Grupo Rociero San Marcos: v\u00eddeo (16.09.2022)"},"content":{"rendered":"<div id=\"fb-root\"><\/div>\n\n<p class=\"wp-block-paragraph\">V\u00eddeo de la noche completa (1h:32m) durante la inauguraci\u00f3n del parque Grupo Rociero San Marcos. Presentaci\u00f3n, v\u00eddeo homenaje, actuaciones de Jezabel y Bel\u00e9n Valverde con una fusi\u00f3n flamenco oriental; y repertorio de las mejores canciones del Grupo Rociero San Marcos. (16.09.2022)<\/p>\n\n\n\n<figure class=\"wp-block-embed is-type-video is-provider-youtube wp-block-embed-youtube wp-embed-aspect-16-9 wp-has-aspect-ratio\"><div class=\"wp-block-embed__wrapper\">\n<iframe loading=\"lazy\" title=\"2022 - Inauguraci\u00f3n Plaza Grupo Rociero San Marcos\" width=\"640\" height=\"360\" src=\"https:\/\/www.youtube.com\/embed\/TIxiyGSsX-I?feature=oembed\" frameborder=\"0\" allow=\"accelerometer; autoplay; clipboard-write; encrypted-media; gyroscope; picture-in-picture; web-share\" referrerpolicy=\"strict-origin-when-cross-origin\" allowfullscreen><\/iframe>\n<\/div><\/figure>\n","protected":false},"excerpt":{"rendered":"<p>V\u00eddeo de la noche completa (1h:32m) durante la inauguraci\u00f3n del parque Grupo Rociero San Marcos. Presentaci\u00f3n, v\u00eddeo homenaje, actuaciones de Jezabel y Bel\u00e9n Valverde con una fusi\u00f3n flamenco oriental; y repertorio de las mejores canciones del Grupo Rociero San Marcos. (16.09.2022)<\/p>\n","protected":false},"author":1,"featured_media":14560,"comment_status":"closed","ping_status":"closed","sticky":false,"template":"","format":"standard","meta":{"_crdt_document":"","ngg_post_thumbnail":0,"footnotes":""},"categories":[3],"tags":[268,211,288],"class_list":["post-14559","post","type-post","status-publish","format-standard","has-post-thumbnail","hentry","category-videos","tag-268","tag-grupo-rociero-san-marcos","tag-plaza"],"_links":{"self":[{"href":"https:\/\/torrequebradilla.com\/blog\/index.php?rest_route=\/wp\/v2\/posts\/14559","targetHints":{"allow":["GET"]}}],"collection":[{"href":"https:\/\/torrequebradilla.com\/blog\/index.php?rest_route=\/wp\/v2\/posts"}],"about":[{"href":"https:\/\/torrequebradilla.com\/blog\/index.php?rest_route=\/wp\/v2\/types\/post"}],"author":[{"embeddable":true,"href":"https:\/\/torrequebradilla.com\/blog\/index.php?rest_route=\/wp\/v2\/users\/1"}],"replies":[{"embeddable":true,"href":"https:\/\/torrequebradilla.com\/blog\/index.php?rest_route=%2Fwp%2Fv2%2Fcomments&post=14559"}],"version-history":[{"count":1,"href":"https:\/\/torrequebradilla.com\/blog\/index.php?rest_route=\/wp\/v2\/posts\/14559\/revisions"}],"predecessor-version":[{"id":14561,"href":"https:\/\/torrequebradilla.com\/blog\/index.php?rest_route=\/wp\/v2\/posts\/14559\/revisions\/14561"}],"wp:featuredmedia":[{"embeddable":true,"href":"https:\/\/torrequebradilla.com\/blog\/index.php?rest_route=\/wp\/v2\/media\/14560"}],"wp:attachment":[{"href":"https:\/\/torrequebradilla.com\/blog\/index.php?rest_route=%2Fwp%2Fv2%2Fmedia&parent=14559"}],"wp:term":[{"taxonomy":"category","embeddable":true,"href":"https:\/\/torrequebradilla.com\/blog\/index.php?rest_route=%2Fwp%2Fv2%2Fcategories&post=14559"},{"taxonomy":"post_tag","embeddable":true,"href":"https:\/\/torrequebradilla.com\/blog\/index.php?rest_route=%2Fwp%2Fv2%2Ftags&post=14559"}],"curies":[{"name":"wp","href":"https:\/\/api.w.org\/{rel}","templated":true}]}}