{"id":14238,"date":"2022-05-10T23:33:31","date_gmt":"2022-05-10T21:33:31","guid":{"rendered":"https:\/\/torrequebradilla.com\/blog\/?p=14238"},"modified":"2022-05-10T23:48:00","modified_gmt":"2022-05-10T21:48:00","slug":"san-isidro-2022-ruta","status":"publish","type":"post","link":"https:\/\/torrequebradilla.com\/blog\/?p=14238","title":{"rendered":"San Isidro 2022: ruta"},"content":{"rendered":"<div id=\"fb-root\"><\/div>\n\n<p class=\"wp-block-paragraph\">Pinchando en las im\u00e1genes puedes descargar las rutas GPX para llegar a los puntos de la romer\u00eda.<\/p>\n\n\n\n<p class=\"wp-block-paragraph\">Con salida desde Vados de Torralba, pasando por Torrequebradilla, la celebraci\u00f3n de la misa es en el Cortijo de &#8220;La Higuerica&#8221; y la convivencia en &#8220;El Monte&#8221;.<\/p>\n\n\n\n<p class=\"wp-block-paragraph\">Recordamos que ambos emplazamientos son privados y est\u00e1 prohibido su utilizaci\u00f3n fuera de esta romer\u00eda.<\/p>\n\n\n\n<p class=\"has-text-align-center wp-block-paragraph\">Salida de Vados de Torralba a Torrequebradilla &#8211; 9:30H<\/p>\n\n\n\n<p class=\"has-text-align-center wp-block-paragraph\">Salida de Torrequebradilla a Cortijo &#8220;La Higuerica&#8221; &#8211; 10:00H<\/p>\n\n\n\n<figure class=\"wp-block-image size-full\"><a href=\"https:\/\/torrequebradilla.com\/gpx\/torrequebradilla-cortijo.la.higuerica.gpx\"><img loading=\"lazy\" decoding=\"async\" width=\"800\" height=\"600\" src=\"https:\/\/torrequebradilla.com\/blog\/wp-content\/uploads\/torrequebradilla-higuerica.jpg\" alt=\"\" class=\"wp-image-14239\" srcset=\"https:\/\/torrequebradilla.com\/blog\/wp-content\/uploads\/torrequebradilla-higuerica.jpg 800w, https:\/\/torrequebradilla.com\/blog\/wp-content\/uploads\/torrequebradilla-higuerica-300x225.jpg 300w, https:\/\/torrequebradilla.com\/blog\/wp-content\/uploads\/torrequebradilla-higuerica-500x375.jpg 500w, https:\/\/torrequebradilla.com\/blog\/wp-content\/uploads\/torrequebradilla-higuerica-550x412.jpg 550w, https:\/\/torrequebradilla.com\/blog\/wp-content\/uploads\/torrequebradilla-higuerica-750x563.jpg 750w\" sizes=\"auto, (max-width: 800px) 100vw, 800px\" \/><\/a><\/figure>\n\n\n\n<p class=\"has-text-align-center wp-block-paragraph\">Tras la celebraci\u00f3n de la misa en el cortijo de &#8220;La Higuerica&#8221;<\/p>\n\n\n\n<p class=\"has-text-align-center wp-block-paragraph\">nos dirigimos al punto de convivencia en &#8220;El Monte&#8221;<\/p>\n\n\n\n<figure class=\"wp-block-image size-full\"><a href=\"https:\/\/torrequebradilla.com\/gpx\/cortijo.la.higuerica-punto.convivencia.gpx\"><img loading=\"lazy\" decoding=\"async\" width=\"800\" height=\"600\" src=\"https:\/\/torrequebradilla.com\/blog\/wp-content\/uploads\/higuerica-convivencia.jpg\" alt=\"\" class=\"wp-image-14240\" srcset=\"https:\/\/torrequebradilla.com\/blog\/wp-content\/uploads\/higuerica-convivencia.jpg 800w, https:\/\/torrequebradilla.com\/blog\/wp-content\/uploads\/higuerica-convivencia-300x225.jpg 300w, https:\/\/torrequebradilla.com\/blog\/wp-content\/uploads\/higuerica-convivencia-500x375.jpg 500w, https:\/\/torrequebradilla.com\/blog\/wp-content\/uploads\/higuerica-convivencia-550x412.jpg 550w, https:\/\/torrequebradilla.com\/blog\/wp-content\/uploads\/higuerica-convivencia-750x563.jpg 750w\" sizes=\"auto, (max-width: 800px) 100vw, 800px\" \/><\/a><\/figure>\n\n\n\n<p class=\"has-text-align-center wp-block-paragraph\">Vuelta a Torrequebradilla sin pasar por &#8220;La Higuerica&#8221;<\/p>\n\n\n\n<figure class=\"wp-block-image size-full\"><a href=\"https:\/\/torrequebradilla.com\/gpx\/punto.convivencia-torrequebradilla.gpx\"><img loading=\"lazy\" decoding=\"async\" width=\"800\" height=\"600\" src=\"https:\/\/torrequebradilla.com\/blog\/wp-content\/uploads\/punto.convicencia-torrequbradilla.jpg\" alt=\"\" class=\"wp-image-14241\" srcset=\"https:\/\/torrequebradilla.com\/blog\/wp-content\/uploads\/punto.convicencia-torrequbradilla.jpg 800w, https:\/\/torrequebradilla.com\/blog\/wp-content\/uploads\/punto.convicencia-torrequbradilla-300x225.jpg 300w, https:\/\/torrequebradilla.com\/blog\/wp-content\/uploads\/punto.convicencia-torrequbradilla-500x375.jpg 500w, https:\/\/torrequebradilla.com\/blog\/wp-content\/uploads\/punto.convicencia-torrequbradilla-550x412.jpg 550w, https:\/\/torrequebradilla.com\/blog\/wp-content\/uploads\/punto.convicencia-torrequbradilla-750x563.jpg 750w\" sizes=\"auto, (max-width: 800px) 100vw, 800px\" \/><\/a><\/figure>\n\n\n\n<p class=\"has-text-align-center wp-block-paragraph\">Torrequebradilla al punto de convivencia con ruta alternativa<\/p>\n\n\n\n<figure class=\"wp-block-image size-full\"><a href=\"https:\/\/torrequebradilla.com\/gpx\/punto.convivencia-torrequebradilla-alternativa.gpx\"><img loading=\"lazy\" decoding=\"async\" width=\"800\" height=\"600\" src=\"https:\/\/torrequebradilla.com\/blog\/wp-content\/uploads\/punto.convicencia-torrequbradilla-alternativa.jpg\" alt=\"\" class=\"wp-image-14245\" srcset=\"https:\/\/torrequebradilla.com\/blog\/wp-content\/uploads\/punto.convicencia-torrequbradilla-alternativa.jpg 800w, https:\/\/torrequebradilla.com\/blog\/wp-content\/uploads\/punto.convicencia-torrequbradilla-alternativa-300x225.jpg 300w, https:\/\/torrequebradilla.com\/blog\/wp-content\/uploads\/punto.convicencia-torrequbradilla-alternativa-500x375.jpg 500w, https:\/\/torrequebradilla.com\/blog\/wp-content\/uploads\/punto.convicencia-torrequbradilla-alternativa-550x412.jpg 550w, https:\/\/torrequebradilla.com\/blog\/wp-content\/uploads\/punto.convicencia-torrequbradilla-alternativa-750x563.jpg 750w\" sizes=\"auto, (max-width: 800px) 100vw, 800px\" \/><\/a><\/figure>\n","protected":false},"excerpt":{"rendered":"<p>Pinchando en las im\u00e1genes puedes descargar las rutas GPX para llegar a los puntos de la romer\u00eda. Con salida desde Vados de Torralba, pasando por Torrequebradilla, la celebraci\u00f3n de la misa es en el Cortijo de &#8220;La Higuerica&#8221; y la convivencia en &#8220;El Monte&#8221;. Recordamos que ambos emplazamientos son privados y est\u00e1 prohibido su utilizaci\u00f3n [&hellip;]<\/p>\n","protected":false},"author":1,"featured_media":14242,"comment_status":"closed","ping_status":"closed","sticky":false,"template":"","format":"standard","meta":{"_crdt_document":"","ngg_post_thumbnail":0,"footnotes":""},"categories":[10],"tags":[268,113,54,172],"class_list":["post-14238","post","type-post","status-publish","format-standard","has-post-thumbnail","hentry","category-publicaciones","tag-268","tag-fiestas","tag-mapas","tag-san-isidro"],"_links":{"self":[{"href":"https:\/\/torrequebradilla.com\/blog\/index.php?rest_route=\/wp\/v2\/posts\/14238","targetHints":{"allow":["GET"]}}],"collection":[{"href":"https:\/\/torrequebradilla.com\/blog\/index.php?rest_route=\/wp\/v2\/posts"}],"about":[{"href":"https:\/\/torrequebradilla.com\/blog\/index.php?rest_route=\/wp\/v2\/types\/post"}],"author":[{"embeddable":true,"href":"https:\/\/torrequebradilla.com\/blog\/index.php?rest_route=\/wp\/v2\/users\/1"}],"replies":[{"embeddable":true,"href":"https:\/\/torrequebradilla.com\/blog\/index.php?rest_route=%2Fwp%2Fv2%2Fcomments&post=14238"}],"version-history":[{"count":2,"href":"https:\/\/torrequebradilla.com\/blog\/index.php?rest_route=\/wp\/v2\/posts\/14238\/revisions"}],"predecessor-version":[{"id":14246,"href":"https:\/\/torrequebradilla.com\/blog\/index.php?rest_route=\/wp\/v2\/posts\/14238\/revisions\/14246"}],"wp:featuredmedia":[{"embeddable":true,"href":"https:\/\/torrequebradilla.com\/blog\/index.php?rest_route=\/wp\/v2\/media\/14242"}],"wp:attachment":[{"href":"https:\/\/torrequebradilla.com\/blog\/index.php?rest_route=%2Fwp%2Fv2%2Fmedia&parent=14238"}],"wp:term":[{"taxonomy":"category","embeddable":true,"href":"https:\/\/torrequebradilla.com\/blog\/index.php?rest_route=%2Fwp%2Fv2%2Fcategories&post=14238"},{"taxonomy":"post_tag","embeddable":true,"href":"https:\/\/torrequebradilla.com\/blog\/index.php?rest_route=%2Fwp%2Fv2%2Ftags&post=14238"}],"curies":[{"name":"wp","href":"https:\/\/api.w.org\/{rel}","templated":true}]}}