{"id":12725,"date":"2020-05-07T19:28:02","date_gmt":"2020-05-07T17:28:02","guid":{"rendered":"https:\/\/torrequebradilla.com\/blog\/?p=12725"},"modified":"2020-05-07T19:28:05","modified_gmt":"2020-05-07T17:28:05","slug":"misa-en-directo-03-05-2020","status":"publish","type":"post","link":"https:\/\/torrequebradilla.com\/blog\/?p=12725","title":{"rendered":"Misa en directo (03.05.2020)"},"content":{"rendered":"<div id=\"fb-root\"><\/div>\n\n<p class=\"wp-block-paragraph\">Retransmisi\u00f3n de la misa en honor a Nuestro Padre Jes\u00fas Nazareno en Torrequebradilla, celebrada por el p\u00e1rroco Germ\u00e1n Garc\u00eda Aguilera. (03.05.2020)<\/p>\n\n\n\n<figure class=\"wp-block-embed-youtube wp-block-embed is-type-video is-provider-youtube wp-embed-aspect-16-9 wp-has-aspect-ratio\"><div class=\"wp-block-embed__wrapper\">\n<iframe loading=\"lazy\" title=\"Misa en directo: 03.05.2020\" width=\"640\" height=\"360\" src=\"https:\/\/www.youtube.com\/embed\/pBJXk4fN7XU?feature=oembed\" frameborder=\"0\" allow=\"accelerometer; autoplay; clipboard-write; encrypted-media; gyroscope; picture-in-picture; web-share\" referrerpolicy=\"strict-origin-when-cross-origin\" allowfullscreen><\/iframe>\n<\/div><\/figure>\n\n\n\n<figure class=\"wp-block-embed-facebook wp-block-embed is-type-video is-provider-facebook\"><div class=\"wp-block-embed__wrapper\">\n<!-- Embedded with WP Embed Facebook - http:\/\/wpembedfb.com --><div class=\"wef-measure\" style=\"max-width: 600px;\"><\/div><div class=\"fb-video\" data-href=\"https:\/\/www.facebook.com\/fcoberrio\/videos\/10221707800075002\/\" data-allowfullscreen=\"false\" data-autoplay=\"false\" data-width=\"600\" data-show-text=\"false\" data-show-captions=\"true\"><\/div>\n<\/div><\/figure>\n","protected":false},"excerpt":{"rendered":"<p>Retransmisi\u00f3n de la misa en honor a Nuestro Padre Jes\u00fas Nazareno en Torrequebradilla, celebrada por el p\u00e1rroco Germ\u00e1n Garc\u00eda Aguilera. (03.05.2020)<\/p>\n","protected":false},"author":1,"featured_media":12727,"comment_status":"closed","ping_status":"closed","sticky":false,"template":"","format":"standard","meta":{"_crdt_document":"","ngg_post_thumbnail":0,"footnotes":""},"categories":[3],"tags":[246,250,129,249,4],"class_list":["post-12725","post","type-post","status-publish","format-standard","has-post-thumbnail","hentry","category-videos","tag-246","tag-german-garcia-aguilera","tag-iglesia","tag-misa","tag-semana-santa"],"_links":{"self":[{"href":"https:\/\/torrequebradilla.com\/blog\/index.php?rest_route=\/wp\/v2\/posts\/12725","targetHints":{"allow":["GET"]}}],"collection":[{"href":"https:\/\/torrequebradilla.com\/blog\/index.php?rest_route=\/wp\/v2\/posts"}],"about":[{"href":"https:\/\/torrequebradilla.com\/blog\/index.php?rest_route=\/wp\/v2\/types\/post"}],"author":[{"embeddable":true,"href":"https:\/\/torrequebradilla.com\/blog\/index.php?rest_route=\/wp\/v2\/users\/1"}],"replies":[{"embeddable":true,"href":"https:\/\/torrequebradilla.com\/blog\/index.php?rest_route=%2Fwp%2Fv2%2Fcomments&post=12725"}],"version-history":[{"count":1,"href":"https:\/\/torrequebradilla.com\/blog\/index.php?rest_route=\/wp\/v2\/posts\/12725\/revisions"}],"predecessor-version":[{"id":12728,"href":"https:\/\/torrequebradilla.com\/blog\/index.php?rest_route=\/wp\/v2\/posts\/12725\/revisions\/12728"}],"wp:featuredmedia":[{"embeddable":true,"href":"https:\/\/torrequebradilla.com\/blog\/index.php?rest_route=\/wp\/v2\/media\/12727"}],"wp:attachment":[{"href":"https:\/\/torrequebradilla.com\/blog\/index.php?rest_route=%2Fwp%2Fv2%2Fmedia&parent=12725"}],"wp:term":[{"taxonomy":"category","embeddable":true,"href":"https:\/\/torrequebradilla.com\/blog\/index.php?rest_route=%2Fwp%2Fv2%2Fcategories&post=12725"},{"taxonomy":"post_tag","embeddable":true,"href":"https:\/\/torrequebradilla.com\/blog\/index.php?rest_route=%2Fwp%2Fv2%2Ftags&post=12725"}],"curies":[{"name":"wp","href":"https:\/\/api.w.org\/{rel}","templated":true}]}}