{"id":12702,"date":"2020-04-25T13:33:27","date_gmt":"2020-04-25T11:33:27","guid":{"rendered":"https:\/\/torrequebradilla.com\/blog\/?p=12702"},"modified":"2020-04-26T09:38:45","modified_gmt":"2020-04-26T07:38:45","slug":"2020-04-25-diario-jaen","status":"publish","type":"post","link":"https:\/\/torrequebradilla.com\/blog\/?p=12702","title":{"rendered":"Diario Ja\u00e9n: misa en directo (25.04.2020)"},"content":{"rendered":"<div id=\"fb-root\"><\/div>\n\n<div class=\"wp-block-image\"><figure class=\"aligncenter size-large\"><a href=\"https:\/\/www.diariojaen.es\/\"><img loading=\"lazy\" decoding=\"async\" width=\"300\" height=\"150\" src=\"https:\/\/torrequebradilla.com\/blog\/wp-content\/uploads\/logo.d.jaen-300x150.png\" alt=\"\" class=\"wp-image-7699\"\/><\/a><\/figure><\/div>\n\n\n\n<p class=\"wp-block-paragraph\">Diario Ja\u00e9n Directo: desde la iglesia de San Francisco de Paula en Torrequebradilla (Villatorres) en honor a San Marcos. Misa celebrada por el p\u00e1rroco Germ\u00e1n Garc\u00eda Aguilera. (25.04.2020)<\/p>\n\n\n\n<figure class=\"wp-block-embed-youtube wp-block-embed is-type-video is-provider-youtube wp-embed-aspect-16-9 wp-has-aspect-ratio\"><div class=\"wp-block-embed__wrapper\">\n<iframe loading=\"lazy\" title=\"DIARIO JA\u00c9N DIRECTO: DESDE LA IGLESIA DE SAN FRANCISCO DE PADUA EN TORREQUEBRADILLA (VILLATORRES)\" width=\"640\" height=\"360\" src=\"https:\/\/www.youtube.com\/embed\/sjYUp3QXbPo?feature=oembed\" frameborder=\"0\" allow=\"accelerometer; autoplay; clipboard-write; encrypted-media; gyroscope; picture-in-picture; web-share\" referrerpolicy=\"strict-origin-when-cross-origin\" allowfullscreen><\/iframe>\n<\/div><\/figure>\n","protected":false},"excerpt":{"rendered":"<p>Diario Ja\u00e9n Directo: desde la iglesia de San Francisco de Paula en Torrequebradilla (Villatorres) en honor a San Marcos. Misa celebrada por el p\u00e1rroco Germ\u00e1n Garc\u00eda Aguilera. (25.04.2020)<\/p>\n","protected":false},"author":1,"featured_media":12705,"comment_status":"closed","ping_status":"closed","sticky":false,"template":"","format":"standard","meta":{"_crdt_document":"","ngg_post_thumbnail":0,"footnotes":""},"categories":[3],"tags":[246,66,113,14],"class_list":["post-12702","post","type-post","status-publish","format-standard","has-post-thumbnail","hentry","category-videos","tag-246","tag-diariojaen","tag-fiestas","tag-san-marcos"],"_links":{"self":[{"href":"https:\/\/torrequebradilla.com\/blog\/index.php?rest_route=\/wp\/v2\/posts\/12702","targetHints":{"allow":["GET"]}}],"collection":[{"href":"https:\/\/torrequebradilla.com\/blog\/index.php?rest_route=\/wp\/v2\/posts"}],"about":[{"href":"https:\/\/torrequebradilla.com\/blog\/index.php?rest_route=\/wp\/v2\/types\/post"}],"author":[{"embeddable":true,"href":"https:\/\/torrequebradilla.com\/blog\/index.php?rest_route=\/wp\/v2\/users\/1"}],"replies":[{"embeddable":true,"href":"https:\/\/torrequebradilla.com\/blog\/index.php?rest_route=%2Fwp%2Fv2%2Fcomments&post=12702"}],"version-history":[{"count":2,"href":"https:\/\/torrequebradilla.com\/blog\/index.php?rest_route=\/wp\/v2\/posts\/12702\/revisions"}],"predecessor-version":[{"id":12717,"href":"https:\/\/torrequebradilla.com\/blog\/index.php?rest_route=\/wp\/v2\/posts\/12702\/revisions\/12717"}],"wp:featuredmedia":[{"embeddable":true,"href":"https:\/\/torrequebradilla.com\/blog\/index.php?rest_route=\/wp\/v2\/media\/12705"}],"wp:attachment":[{"href":"https:\/\/torrequebradilla.com\/blog\/index.php?rest_route=%2Fwp%2Fv2%2Fmedia&parent=12702"}],"wp:term":[{"taxonomy":"category","embeddable":true,"href":"https:\/\/torrequebradilla.com\/blog\/index.php?rest_route=%2Fwp%2Fv2%2Fcategories&post=12702"},{"taxonomy":"post_tag","embeddable":true,"href":"https:\/\/torrequebradilla.com\/blog\/index.php?rest_route=%2Fwp%2Fv2%2Ftags&post=12702"}],"curies":[{"name":"wp","href":"https:\/\/api.w.org\/{rel}","templated":true}]}}