{"id":12508,"date":"2019-05-14T00:46:42","date_gmt":"2019-05-13T22:46:42","guid":{"rendered":"https:\/\/torrequebradilla.com\/blog\/?p=12508"},"modified":"2019-05-14T00:46:53","modified_gmt":"2019-05-13T22:46:53","slug":"presentacion-proyecto-casa-palacio","status":"publish","type":"post","link":"https:\/\/torrequebradilla.com\/blog\/?p=12508","title":{"rendered":"Presentaci\u00f3n proyecto Casa Palacio"},"content":{"rendered":"<div id=\"fb-root\"><\/div>\n\n<p class=\"wp-block-paragraph\">V\u00eddeo de la presentaci\u00f3n del proyecto hist\u00f3rico arquitect\u00f3nico de la Casa Palacio en Torrequebradilla. Presenta <strong>Sebasti\u00e1n L\u00f3pez<\/strong>, Alcalde de Villatorres y <strong>Miguel Manuel Garc\u00eda<\/strong>, Teniente Alcalde. Intervienen: <strong>Pedro Galera<\/strong>, redactor del proyecto y catedr\u00e1tico de historia del arte de la Universidad de Ja\u00e9n y <strong>Mart\u00edn Aranda<\/strong>, gerente de la oficina t\u00e9cnica encargada del proyecto t\u00e9cnico e incoaci\u00f3n del BIC. V\u00eddeo cedido por la empresa de producci\u00f3n audiovisual <strong><a href=\"http:\/\/www.applicajaen.com\/\">Applicajaen.com<\/a><\/strong> y la Concejal\u00eda de Cultura del Exmo. Ayuntamiento de Villatorres a trav\u00e9s de Dolo Bedmar (03.05.2019)<\/p>\n\n\n\n<figure class=\"wp-block-embed-youtube wp-block-embed is-type-video is-provider-youtube wp-embed-aspect-16-9 wp-has-aspect-ratio\"><div class=\"wp-block-embed__wrapper\">\n<iframe loading=\"lazy\" title=\"Presentaci\u00f3n Proyecto Casa Palacio\" width=\"640\" height=\"360\" src=\"https:\/\/www.youtube.com\/embed\/5qddMH2B_gA?feature=oembed\" frameborder=\"0\" allow=\"accelerometer; autoplay; clipboard-write; encrypted-media; gyroscope; picture-in-picture; web-share\" referrerpolicy=\"strict-origin-when-cross-origin\" allowfullscreen><\/iframe>\n<\/div><\/figure>\n\n\n\n<figure class=\"wp-block-image\"><img loading=\"lazy\" decoding=\"async\" width=\"1450\" height=\"2048\" src=\"https:\/\/torrequebradilla.com\/blog\/wp-content\/uploads\/2019.05.03-presentacion.proyecto.palacio.jpg\" alt=\"\" class=\"wp-image-12057\" srcset=\"https:\/\/torrequebradilla.com\/blog\/wp-content\/uploads\/2019.05.03-presentacion.proyecto.palacio.jpg 1450w, https:\/\/torrequebradilla.com\/blog\/wp-content\/uploads\/2019.05.03-presentacion.proyecto.palacio-212x300.jpg 212w, https:\/\/torrequebradilla.com\/blog\/wp-content\/uploads\/2019.05.03-presentacion.proyecto.palacio-354x500.jpg 354w, https:\/\/torrequebradilla.com\/blog\/wp-content\/uploads\/2019.05.03-presentacion.proyecto.palacio-292x412.jpg 292w, https:\/\/torrequebradilla.com\/blog\/wp-content\/uploads\/2019.05.03-presentacion.proyecto.palacio-750x1059.jpg 750w\" sizes=\"auto, (max-width: 1450px) 100vw, 1450px\" \/><\/figure>\n","protected":false},"excerpt":{"rendered":"<p>V\u00eddeo de la presentaci\u00f3n del proyecto hist\u00f3rico arquitect\u00f3nico de la Casa Palacio en Torrequebradilla. Presenta Sebasti\u00e1n L\u00f3pez, Alcalde de Villatorres y Miguel Manuel Garc\u00eda, Teniente Alcalde. Intervienen: Pedro Galera, redactor del proyecto y catedr\u00e1tico de historia del arte de la Universidad de Ja\u00e9n y Mart\u00edn Aranda, gerente de la oficina t\u00e9cnica encargada del proyecto t\u00e9cnico [&hellip;]<\/p>\n","protected":false},"author":1,"featured_media":12509,"comment_status":"closed","ping_status":"closed","sticky":false,"template":"","format":"standard","meta":{"_crdt_document":"","ngg_post_thumbnail":0,"footnotes":""},"categories":[3],"tags":[230,70,89],"class_list":["post-12508","post","type-post","status-publish","format-standard","has-post-thumbnail","hentry","category-videos","tag-230","tag-ayuntamiento","tag-casa-palacio"],"_links":{"self":[{"href":"https:\/\/torrequebradilla.com\/blog\/index.php?rest_route=\/wp\/v2\/posts\/12508","targetHints":{"allow":["GET"]}}],"collection":[{"href":"https:\/\/torrequebradilla.com\/blog\/index.php?rest_route=\/wp\/v2\/posts"}],"about":[{"href":"https:\/\/torrequebradilla.com\/blog\/index.php?rest_route=\/wp\/v2\/types\/post"}],"author":[{"embeddable":true,"href":"https:\/\/torrequebradilla.com\/blog\/index.php?rest_route=\/wp\/v2\/users\/1"}],"replies":[{"embeddable":true,"href":"https:\/\/torrequebradilla.com\/blog\/index.php?rest_route=%2Fwp%2Fv2%2Fcomments&post=12508"}],"version-history":[{"count":1,"href":"https:\/\/torrequebradilla.com\/blog\/index.php?rest_route=\/wp\/v2\/posts\/12508\/revisions"}],"predecessor-version":[{"id":12510,"href":"https:\/\/torrequebradilla.com\/blog\/index.php?rest_route=\/wp\/v2\/posts\/12508\/revisions\/12510"}],"wp:featuredmedia":[{"embeddable":true,"href":"https:\/\/torrequebradilla.com\/blog\/index.php?rest_route=\/wp\/v2\/media\/12509"}],"wp:attachment":[{"href":"https:\/\/torrequebradilla.com\/blog\/index.php?rest_route=%2Fwp%2Fv2%2Fmedia&parent=12508"}],"wp:term":[{"taxonomy":"category","embeddable":true,"href":"https:\/\/torrequebradilla.com\/blog\/index.php?rest_route=%2Fwp%2Fv2%2Fcategories&post=12508"},{"taxonomy":"post_tag","embeddable":true,"href":"https:\/\/torrequebradilla.com\/blog\/index.php?rest_route=%2Fwp%2Fv2%2Ftags&post=12508"}],"curies":[{"name":"wp","href":"https:\/\/api.w.org\/{rel}","templated":true}]}}