{"id":12052,"date":"2019-05-01T20:31:38","date_gmt":"2019-05-01T18:31:38","guid":{"rendered":"https:\/\/torrequebradilla.com\/blog\/?p=12052"},"modified":"2019-05-01T20:31:45","modified_gmt":"2019-05-01T18:31:45","slug":"cartel-presentacion-proyecto-palacio","status":"publish","type":"post","link":"https:\/\/torrequebradilla.com\/blog\/?p=12052","title":{"rendered":"Cartel: presentaci\u00f3n proyecto Palacio."},"content":{"rendered":"<div id=\"fb-root\"><\/div>\n\n<p class=\"wp-block-paragraph\">Presentaci\u00f3n del proyecto hist\u00f3rico arquitect\u00f3nico de la Casa Palacio de Torrequebradilla.<\/p>\n\n\n\n<figure class=\"wp-block-image\"><img loading=\"lazy\" decoding=\"async\" width=\"1450\" height=\"2048\" src=\"https:\/\/torrequebradilla.com\/blog\/wp-content\/uploads\/2019.05.03-presentacion.proyecto.palacio.jpg\" alt=\"\" class=\"wp-image-12057\" srcset=\"https:\/\/torrequebradilla.com\/blog\/wp-content\/uploads\/2019.05.03-presentacion.proyecto.palacio.jpg 1450w, https:\/\/torrequebradilla.com\/blog\/wp-content\/uploads\/2019.05.03-presentacion.proyecto.palacio-212x300.jpg 212w, https:\/\/torrequebradilla.com\/blog\/wp-content\/uploads\/2019.05.03-presentacion.proyecto.palacio-354x500.jpg 354w, https:\/\/torrequebradilla.com\/blog\/wp-content\/uploads\/2019.05.03-presentacion.proyecto.palacio-292x412.jpg 292w, https:\/\/torrequebradilla.com\/blog\/wp-content\/uploads\/2019.05.03-presentacion.proyecto.palacio-750x1059.jpg 750w\" sizes=\"auto, (max-width: 1450px) 100vw, 1450px\" \/><\/figure>\n","protected":false},"excerpt":{"rendered":"<p>Presentaci\u00f3n del proyecto hist\u00f3rico arquitect\u00f3nico de la Casa Palacio de Torrequebradilla.<\/p>\n","protected":false},"author":1,"featured_media":12057,"comment_status":"closed","ping_status":"closed","sticky":false,"template":"","format":"standard","meta":{"_crdt_document":"","ngg_post_thumbnail":0,"footnotes":""},"categories":[10],"tags":[230,70,89],"class_list":["post-12052","post","type-post","status-publish","format-standard","has-post-thumbnail","hentry","category-publicaciones","tag-230","tag-ayuntamiento","tag-casa-palacio"],"_links":{"self":[{"href":"https:\/\/torrequebradilla.com\/blog\/index.php?rest_route=\/wp\/v2\/posts\/12052","targetHints":{"allow":["GET"]}}],"collection":[{"href":"https:\/\/torrequebradilla.com\/blog\/index.php?rest_route=\/wp\/v2\/posts"}],"about":[{"href":"https:\/\/torrequebradilla.com\/blog\/index.php?rest_route=\/wp\/v2\/types\/post"}],"author":[{"embeddable":true,"href":"https:\/\/torrequebradilla.com\/blog\/index.php?rest_route=\/wp\/v2\/users\/1"}],"replies":[{"embeddable":true,"href":"https:\/\/torrequebradilla.com\/blog\/index.php?rest_route=%2Fwp%2Fv2%2Fcomments&post=12052"}],"version-history":[{"count":1,"href":"https:\/\/torrequebradilla.com\/blog\/index.php?rest_route=\/wp\/v2\/posts\/12052\/revisions"}],"predecessor-version":[{"id":12058,"href":"https:\/\/torrequebradilla.com\/blog\/index.php?rest_route=\/wp\/v2\/posts\/12052\/revisions\/12058"}],"wp:featuredmedia":[{"embeddable":true,"href":"https:\/\/torrequebradilla.com\/blog\/index.php?rest_route=\/wp\/v2\/media\/12057"}],"wp:attachment":[{"href":"https:\/\/torrequebradilla.com\/blog\/index.php?rest_route=%2Fwp%2Fv2%2Fmedia&parent=12052"}],"wp:term":[{"taxonomy":"category","embeddable":true,"href":"https:\/\/torrequebradilla.com\/blog\/index.php?rest_route=%2Fwp%2Fv2%2Fcategories&post=12052"},{"taxonomy":"post_tag","embeddable":true,"href":"https:\/\/torrequebradilla.com\/blog\/index.php?rest_route=%2Fwp%2Fv2%2Ftags&post=12052"}],"curies":[{"name":"wp","href":"https:\/\/api.w.org\/{rel}","templated":true}]}}