{"id":11667,"date":"2019-02-17T12:46:53","date_gmt":"2019-02-17T11:46:53","guid":{"rendered":"https:\/\/torrequebradilla.com\/blog\/?p=11667"},"modified":"2019-02-17T13:15:23","modified_gmt":"2019-02-17T12:15:23","slug":"diario-jaen-premios-reino-de-jaen-08-02-2019","status":"publish","type":"post","link":"https:\/\/torrequebradilla.com\/blog\/?p=11667","title":{"rendered":"Diario Ja\u00e9n: Premios Reino de Ja\u00e9n (08.02.2019)"},"content":{"rendered":"<div id=\"fb-root\"><\/div>\n\n<p class=\"wp-block-paragraph\">Diario Ja\u00e9n ha galardonado a la p\u00e1gina de Torrequebradilla.com, y a m\u00ed como su creador, en la categor\u00eda de Difusi\u00f3n Local en los Premios Reino de Ja\u00e9n 2019.<\/p>\n\n\n\n<p class=\"wp-block-paragraph\">Dejo aqu\u00ed la entrevista que me hicieron el d\u00eda que me lo comunicaron.<\/p>\n\n\n\n<p class=\"wp-block-paragraph\">Desde la humildad con el que lo recibo, solo puedo dar las gracias a todos y cada uno de vosotros y en especial a Diario Ja\u00e9n por no olvidar a los pueblos tan peque\u00f1os como Torrequebradilla.<\/p>\n\n\n\n\n\n\n<p class=\"wp-block-paragraph\">Enlace original: Diario Ja\u00e9n edici\u00f3n digital<\/p>\n\n\n\n<p class=\"wp-block-paragraph\"><a href=\"http:\/\/www.diariojaen.es\/provincia\/articulo-LL5159519\">http:\/\/www.diariojaen.es\/provincia\/articulo-LL5159519<\/a><\/p>\n","protected":false},"excerpt":{"rendered":"<p>Diario Ja\u00e9n ha galardonado a la p\u00e1gina de Torrequebradilla.com, y a m\u00ed como su creador, en la categor\u00eda de Difusi\u00f3n Local en los Premios Reino de Ja\u00e9n 2019. Dejo aqu\u00ed la entrevista que me hicieron el d\u00eda que me lo comunicaron. Desde la humildad con el que lo recibo, solo puedo dar las gracias a [&hellip;]<\/p>\n","protected":false},"author":1,"featured_media":11675,"comment_status":"closed","ping_status":"closed","sticky":false,"template":"","format":"standard","meta":{"_crdt_document":"","ngg_post_thumbnail":0,"footnotes":""},"categories":[10],"tags":[230,66],"class_list":["post-11667","post","type-post","status-publish","format-standard","has-post-thumbnail","hentry","category-publicaciones","tag-230","tag-diariojaen"],"_links":{"self":[{"href":"https:\/\/torrequebradilla.com\/blog\/index.php?rest_route=\/wp\/v2\/posts\/11667","targetHints":{"allow":["GET"]}}],"collection":[{"href":"https:\/\/torrequebradilla.com\/blog\/index.php?rest_route=\/wp\/v2\/posts"}],"about":[{"href":"https:\/\/torrequebradilla.com\/blog\/index.php?rest_route=\/wp\/v2\/types\/post"}],"author":[{"embeddable":true,"href":"https:\/\/torrequebradilla.com\/blog\/index.php?rest_route=\/wp\/v2\/users\/1"}],"replies":[{"embeddable":true,"href":"https:\/\/torrequebradilla.com\/blog\/index.php?rest_route=%2Fwp%2Fv2%2Fcomments&post=11667"}],"version-history":[{"count":5,"href":"https:\/\/torrequebradilla.com\/blog\/index.php?rest_route=\/wp\/v2\/posts\/11667\/revisions"}],"predecessor-version":[{"id":11687,"href":"https:\/\/torrequebradilla.com\/blog\/index.php?rest_route=\/wp\/v2\/posts\/11667\/revisions\/11687"}],"wp:featuredmedia":[{"embeddable":true,"href":"https:\/\/torrequebradilla.com\/blog\/index.php?rest_route=\/wp\/v2\/media\/11675"}],"wp:attachment":[{"href":"https:\/\/torrequebradilla.com\/blog\/index.php?rest_route=%2Fwp%2Fv2%2Fmedia&parent=11667"}],"wp:term":[{"taxonomy":"category","embeddable":true,"href":"https:\/\/torrequebradilla.com\/blog\/index.php?rest_route=%2Fwp%2Fv2%2Fcategories&post=11667"},{"taxonomy":"post_tag","embeddable":true,"href":"https:\/\/torrequebradilla.com\/blog\/index.php?rest_route=%2Fwp%2Fv2%2Ftags&post=11667"}],"curies":[{"name":"wp","href":"https:\/\/api.w.org\/{rel}","templated":true}]}}