{"id":11021,"date":"2018-05-16T21:20:38","date_gmt":"2018-05-16T19:20:38","guid":{"rendered":"http:\/\/torrequebradilla.com\/blog\/?p=11021"},"modified":"2018-05-16T21:20:38","modified_gmt":"2018-05-16T19:20:38","slug":"san-marcos-2018-martes-25","status":"publish","type":"post","link":"https:\/\/torrequebradilla.com\/blog\/?p=11021","title":{"rendered":"San Marcos 2018 (martes 25)"},"content":{"rendered":"<div id=\"fb-root\"><\/div>\n<p>Fotograf\u00edas durante la procesi\u00f3n, tarde en la plaza, exposici\u00f3n de pintura y fuegos. (25.04.2018)<\/p>\nngg_shortcode_0_placeholder\n","protected":false},"excerpt":{"rendered":"<p>Fotograf\u00edas durante la procesi\u00f3n, tarde en la plaza, exposici\u00f3n de pintura y fuegos. (25.04.2018)<\/p>\n","protected":false},"author":1,"featured_media":11023,"comment_status":"closed","ping_status":"closed","sticky":false,"template":"","format":"standard","meta":{"_crdt_document":"","ngg_post_thumbnail":0,"footnotes":""},"categories":[6],"tags":[212,113,156,14],"class_list":["post-11021","post","type-post","status-publish","format-standard","has-post-thumbnail","hentry","category-fotografias","tag-212","tag-fiestas","tag-pintura","tag-san-marcos"],"_links":{"self":[{"href":"https:\/\/torrequebradilla.com\/blog\/index.php?rest_route=\/wp\/v2\/posts\/11021","targetHints":{"allow":["GET"]}}],"collection":[{"href":"https:\/\/torrequebradilla.com\/blog\/index.php?rest_route=\/wp\/v2\/posts"}],"about":[{"href":"https:\/\/torrequebradilla.com\/blog\/index.php?rest_route=\/wp\/v2\/types\/post"}],"author":[{"embeddable":true,"href":"https:\/\/torrequebradilla.com\/blog\/index.php?rest_route=\/wp\/v2\/users\/1"}],"replies":[{"embeddable":true,"href":"https:\/\/torrequebradilla.com\/blog\/index.php?rest_route=%2Fwp%2Fv2%2Fcomments&post=11021"}],"version-history":[{"count":1,"href":"https:\/\/torrequebradilla.com\/blog\/index.php?rest_route=\/wp\/v2\/posts\/11021\/revisions"}],"predecessor-version":[{"id":11024,"href":"https:\/\/torrequebradilla.com\/blog\/index.php?rest_route=\/wp\/v2\/posts\/11021\/revisions\/11024"}],"wp:featuredmedia":[{"embeddable":true,"href":"https:\/\/torrequebradilla.com\/blog\/index.php?rest_route=\/wp\/v2\/media\/11023"}],"wp:attachment":[{"href":"https:\/\/torrequebradilla.com\/blog\/index.php?rest_route=%2Fwp%2Fv2%2Fmedia&parent=11021"}],"wp:term":[{"taxonomy":"category","embeddable":true,"href":"https:\/\/torrequebradilla.com\/blog\/index.php?rest_route=%2Fwp%2Fv2%2Fcategories&post=11021"},{"taxonomy":"post_tag","embeddable":true,"href":"https:\/\/torrequebradilla.com\/blog\/index.php?rest_route=%2Fwp%2Fv2%2Ftags&post=11021"}],"curies":[{"name":"wp","href":"https:\/\/api.w.org\/{rel}","templated":true}]}}